
{"id":119358,"date":"2024-10-12T07:54:26","date_gmt":"2024-10-12T10:54:26","guid":{"rendered":"https:\/\/www.sudoestehoje.com.br\/novoportal\/?p=119358"},"modified":"2024-10-12T08:43:43","modified_gmt":"2024-10-12T11:43:43","slug":"itapetinga-ordem-de-servico-da-policlinica-prometida-por-jeronimo-gorou","status":"publish","type":"post","link":"https:\/\/www.sudoestehoje.com.br\/novoportal\/2024\/10\/12\/itapetinga-ordem-de-servico-da-policlinica-prometida-por-jeronimo-gorou\/","title":{"rendered":"ITAPETINGA | ORDEM DE SERVI\u00c7O DA POLICL\u00cdNICA PROMETIDA POR JER\u00d4NIMO &#8216;GOROU&#8217;"},"content":{"rendered":"<p><img loading=\"lazy\" decoding=\"async\" class=\"alignnone wp-image-119360\" src=\"https:\/\/www.sudoestehoje.com.br\/novoportal\/wp-content\/uploads\/2024\/10\/cida-govenador-joao.jpg\" alt=\"\" width=\"551\" height=\"386\" \/><\/p>\n<p><strong>Uma das promessas do governador Jer\u00f4nimo para Itapetinga, feitas no palanque da campanha de Cida Moura, em setembro, no Parque da Lagoa, foi a tal &#8216;ordem de servi\u00e7o&#8217; da Policl\u00ednica, anunciada pelo governo federal no in\u00edcio do ano.<\/strong><\/p>\n<p><strong>No seu discurso, Jer\u00f4nimo disse textualmente o seguinte: <em>&#8220;Lula me incumbiu de administrar a implanta\u00e7\u00e3o das novas policl\u00ednicas na Bahia e, na semana que vem, vou assinar a ordem de servi\u00e7o para dar in\u00edcio \u00e0 constru\u00e7\u00e3o da de Itapetinga. Se eu n\u00e3o puder vir pessoalmente, um representantes meu vir\u00e1&#8230;&#8221;.<\/em><\/strong><\/p>\n<p><strong>Mais uma promessa do governo do PT que vai para a conta do esquecimento, ao lado do Corpo de Bombeiros, trevo da Brasilg\u00e1s, frigor\u00edfico de frangos, UTI materno-infantil, ilumina\u00e7\u00e3o do aeroporto, hospital regional e outros que at\u00e9 a popula\u00e7\u00e3o j\u00e1 se esqueceu.<\/strong><\/p>\n<p><strong>Por essas e por outras \u00e9 que o governo nunca ganha elei\u00e7\u00f5es em Itapetinga.<\/strong><\/p>\n<p><strong>Por Davi Ferraz<\/strong><\/p>\n","protected":false},"excerpt":{"rendered":"<p>Uma das promessas do governador Jer\u00f4nimo para Itapetinga, feitas no palanque da campanha de Cida Moura, em setembro, no Parque da Lagoa, foi a tal &#8216;ordem de servi\u00e7o&#8217; da Policl\u00ednica, anunciada pelo governo federal no in\u00edcio do ano. No seu discurso, Jer\u00f4nimo disse textualmente o seguinte: &#8220;Lula me incumbiu de administrar a implanta\u00e7\u00e3o das novas [&hellip;]<\/p>\n","protected":false},"author":2,"featured_media":119360,"comment_status":"closed","ping_status":"open","sticky":false,"template":"","format":"standard","meta":{"footnotes":"","_links_to":"","_links_to_target":""},"categories":[1],"tags":[],"class_list":["post-119358","post","type-post","status-publish","format-standard","has-post-thumbnail","hentry","category-geral"],"views":1816,"_links":{"self":[{"href":"https:\/\/www.sudoestehoje.com.br\/novoportal\/wp-json\/wp\/v2\/posts\/119358","targetHints":{"allow":["GET"]}}],"collection":[{"href":"https:\/\/www.sudoestehoje.com.br\/novoportal\/wp-json\/wp\/v2\/posts"}],"about":[{"href":"https:\/\/www.sudoestehoje.com.br\/novoportal\/wp-json\/wp\/v2\/types\/post"}],"author":[{"embeddable":true,"href":"https:\/\/www.sudoestehoje.com.br\/novoportal\/wp-json\/wp\/v2\/users\/2"}],"replies":[{"embeddable":true,"href":"https:\/\/www.sudoestehoje.com.br\/novoportal\/wp-json\/wp\/v2\/comments?post=119358"}],"version-history":[{"count":6,"href":"https:\/\/www.sudoestehoje.com.br\/novoportal\/wp-json\/wp\/v2\/posts\/119358\/revisions"}],"predecessor-version":[{"id":119365,"href":"https:\/\/www.sudoestehoje.com.br\/novoportal\/wp-json\/wp\/v2\/posts\/119358\/revisions\/119365"}],"wp:featuredmedia":[{"embeddable":true,"href":"https:\/\/www.sudoestehoje.com.br\/novoportal\/wp-json\/wp\/v2\/media\/119360"}],"wp:attachment":[{"href":"https:\/\/www.sudoestehoje.com.br\/novoportal\/wp-json\/wp\/v2\/media?parent=119358"}],"wp:term":[{"taxonomy":"category","embeddable":true,"href":"https:\/\/www.sudoestehoje.com.br\/novoportal\/wp-json\/wp\/v2\/categories?post=119358"},{"taxonomy":"post_tag","embeddable":true,"href":"https:\/\/www.sudoestehoje.com.br\/novoportal\/wp-json\/wp\/v2\/tags?post=119358"}],"curies":[{"name":"wp","href":"https:\/\/api.w.org\/{rel}","templated":true}]}}