
{"id":11929,"date":"2012-01-10T20:44:10","date_gmt":"2012-01-10T23:44:10","guid":{"rendered":"http:\/\/www.sudoestehoje.com.br\/novoportal\/?p=11929"},"modified":"2012-01-10T20:44:10","modified_gmt":"2012-01-10T23:44:10","slug":"ilheus-lei-obriga-alunos-a-rezarem-o-pai-nosso-nas-escolas","status":"publish","type":"post","link":"https:\/\/www.sudoestehoje.com.br\/novoportal\/2012\/01\/10\/ilheus-lei-obriga-alunos-a-rezarem-o-pai-nosso-nas-escolas\/","title":{"rendered":"ILH\u00c9US: LEI OBRIGA ALUNOS A REZAREM O &#8216;PAI-NOSSO&#8217; NAS ESCOLAS"},"content":{"rendered":"<p style=\"text-align: center;\"><img decoding=\"async\" class=\"aligncenter\" src=\"http:\/\/www.pimenta.blog.br\/wp-content\/uploads\/Vereador-Professor-Gurita.jpg\" alt=\"\" width=\"400\" \/><\/p>\n<p style=\"text-align: center;\"><em><strong>Vereador &#8216;Gurita&#8217; emplacou o Pai Nosso obrigat\u00f3rio<\/strong><\/em><\/p>\n<p>Uma lei publicada no Di\u00e1rio Oficial da cidade de Ilh\u00e9us, sul da Bahia, provoca pol\u00eamica: o decreto n\u00ba 3.589\/2011, de autoria do vereador Alzim\u00e1rio Belmonte Vieira (PP), conhecido como &#8216;Gurita&#8217;, aprovado pela C\u00e2mara Municipal e sancionado pelo prefeito Newton Lima (PT), obriga estudantes e professores a orarem o \u201cPai-Nosso\u201d antes das aulas em todas as escolas municipais.<\/p>\n<p>O ponto pol\u00eamico da quest\u00e3o \u00e9 a liberdade religiosa, pois existem outras denomina\u00e7\u00f5es que n\u00e3o proferem a ora\u00e7\u00e3o crist\u00e3 por quest\u00f5es de princ\u00edpios hist\u00f3ricos de cada doutrina e tamb\u00e9m h\u00e1 pessoas que n\u00e3o acreditam em religi\u00f5es.<\/p>\n<p>O internauta Ramon Davi, estudante de Salvador, ateu, acredita que a lei \u00e9 anticonstitucional. \u201cN\u00e3o \u00e9 poss\u00edvel que em pleno s\u00e9culo XXI um pa\u00eds que se diz andar a passos largos rumo ao primeiro mundo seja capaz de aceitar e at\u00e9 mesmo obrigar garotos em forma\u00e7\u00e3o a terem de realizar tal ato\u201d, declarou no Facebook. Outros usu\u00e1rios de redes sociais, que comentam o caso, questionam o papel laico do Estado.<\/p>\n","protected":false},"excerpt":{"rendered":"<p>Vereador &#8216;Gurita&#8217; emplacou o Pai Nosso obrigat\u00f3rio Uma lei publicada no Di\u00e1rio Oficial da cidade de Ilh\u00e9us, sul da Bahia, provoca pol\u00eamica: o decreto n\u00ba 3.589\/2011, de autoria do vereador Alzim\u00e1rio Belmonte Vieira (PP), conhecido como &#8216;Gurita&#8217;, aprovado pela C\u00e2mara Municipal e sancionado pelo prefeito Newton Lima (PT), obriga estudantes e professores a orarem o [&hellip;]<\/p>\n","protected":false},"author":2,"featured_media":0,"comment_status":"open","ping_status":"open","sticky":false,"template":"","format":"standard","meta":{"footnotes":"","_links_to":"","_links_to_target":""},"categories":[1],"tags":[],"class_list":["post-11929","post","type-post","status-publish","format-standard","hentry","category-geral"],"views":1075,"_links":{"self":[{"href":"https:\/\/www.sudoestehoje.com.br\/novoportal\/wp-json\/wp\/v2\/posts\/11929","targetHints":{"allow":["GET"]}}],"collection":[{"href":"https:\/\/www.sudoestehoje.com.br\/novoportal\/wp-json\/wp\/v2\/posts"}],"about":[{"href":"https:\/\/www.sudoestehoje.com.br\/novoportal\/wp-json\/wp\/v2\/types\/post"}],"author":[{"embeddable":true,"href":"https:\/\/www.sudoestehoje.com.br\/novoportal\/wp-json\/wp\/v2\/users\/2"}],"replies":[{"embeddable":true,"href":"https:\/\/www.sudoestehoje.com.br\/novoportal\/wp-json\/wp\/v2\/comments?post=11929"}],"version-history":[{"count":3,"href":"https:\/\/www.sudoestehoje.com.br\/novoportal\/wp-json\/wp\/v2\/posts\/11929\/revisions"}],"predecessor-version":[{"id":11932,"href":"https:\/\/www.sudoestehoje.com.br\/novoportal\/wp-json\/wp\/v2\/posts\/11929\/revisions\/11932"}],"wp:attachment":[{"href":"https:\/\/www.sudoestehoje.com.br\/novoportal\/wp-json\/wp\/v2\/media?parent=11929"}],"wp:term":[{"taxonomy":"category","embeddable":true,"href":"https:\/\/www.sudoestehoje.com.br\/novoportal\/wp-json\/wp\/v2\/categories?post=11929"},{"taxonomy":"post_tag","embeddable":true,"href":"https:\/\/www.sudoestehoje.com.br\/novoportal\/wp-json\/wp\/v2\/tags?post=11929"}],"curies":[{"name":"wp","href":"https:\/\/api.w.org\/{rel}","templated":true}]}}