
{"id":119284,"date":"2024-10-05T19:43:57","date_gmt":"2024-10-05T22:43:57","guid":{"rendered":"https:\/\/www.sudoestehoje.com.br\/novoportal\/?p=119284"},"modified":"2024-10-05T19:43:57","modified_gmt":"2024-10-05T22:43:57","slug":"luto-morre-o-comunicador-hernando-cardoso-aos-63-anos","status":"publish","type":"post","link":"https:\/\/www.sudoestehoje.com.br\/novoportal\/2024\/10\/05\/luto-morre-o-comunicador-hernando-cardoso-aos-63-anos\/","title":{"rendered":"LUTO | MORRE O COMUNICADOR HERNANDO CARDOSO, AOS 63 ANOS"},"content":{"rendered":"<p><img loading=\"lazy\" decoding=\"async\" class=\"alignnone  wp-image-119285\" src=\"https:\/\/www.sudoestehoje.com.br\/novoportal\/wp-content\/uploads\/2024\/10\/Az-420x281-1.jpg\" alt=\"\" width=\"550\" height=\"368\" \/><\/p>\n<p><strong>\u00c9 com profundo pesar que noticiamos o falecimento de Hernando Cardoso de Queiroz, radialista e cronista esportivo nascido em Vit\u00f3ria da Conquista e radicado em Itapetinga, onde deixou sua marca na comunica\u00e7\u00e3o de r\u00e1dio. Ele tamb\u00e9m teve passagens por emissoras em Aracaju. <\/strong><\/p>\n<p><strong>Hernando faleceu de causas naturais neste s\u00e1bado (5), aos 63 anos, e sua paix\u00e3o pelo esporte e talento como comunicador far\u00e3o falta a todos que o conheceram. <\/strong><\/p>\n<p><strong>O Sudoeste Hoje lamenta a perda do grande comunicador e estende seu pesar aos familiares e amigos de\u00a0 Hernando. Aguardem informa\u00e7\u00f5es sobre o funeral.<\/strong><\/p>\n<p><strong>Davi Ferraz &#8211; Editor<\/strong><\/p>\n","protected":false},"excerpt":{"rendered":"<p>\u00c9 com profundo pesar que noticiamos o falecimento de Hernando Cardoso de Queiroz, radialista e cronista esportivo nascido em Vit\u00f3ria da Conquista e radicado em Itapetinga, onde deixou sua marca na comunica\u00e7\u00e3o de r\u00e1dio. Ele tamb\u00e9m teve passagens por emissoras em Aracaju. Hernando faleceu de causas naturais neste s\u00e1bado (5), aos 63 anos, e sua [&hellip;]<\/p>\n","protected":false},"author":2,"featured_media":119285,"comment_status":"closed","ping_status":"open","sticky":false,"template":"","format":"standard","meta":{"footnotes":"","_links_to":"","_links_to_target":""},"categories":[1],"tags":[],"class_list":["post-119284","post","type-post","status-publish","format-standard","has-post-thumbnail","hentry","category-geral"],"views":1819,"_links":{"self":[{"href":"https:\/\/www.sudoestehoje.com.br\/novoportal\/wp-json\/wp\/v2\/posts\/119284","targetHints":{"allow":["GET"]}}],"collection":[{"href":"https:\/\/www.sudoestehoje.com.br\/novoportal\/wp-json\/wp\/v2\/posts"}],"about":[{"href":"https:\/\/www.sudoestehoje.com.br\/novoportal\/wp-json\/wp\/v2\/types\/post"}],"author":[{"embeddable":true,"href":"https:\/\/www.sudoestehoje.com.br\/novoportal\/wp-json\/wp\/v2\/users\/2"}],"replies":[{"embeddable":true,"href":"https:\/\/www.sudoestehoje.com.br\/novoportal\/wp-json\/wp\/v2\/comments?post=119284"}],"version-history":[{"count":3,"href":"https:\/\/www.sudoestehoje.com.br\/novoportal\/wp-json\/wp\/v2\/posts\/119284\/revisions"}],"predecessor-version":[{"id":119288,"href":"https:\/\/www.sudoestehoje.com.br\/novoportal\/wp-json\/wp\/v2\/posts\/119284\/revisions\/119288"}],"wp:featuredmedia":[{"embeddable":true,"href":"https:\/\/www.sudoestehoje.com.br\/novoportal\/wp-json\/wp\/v2\/media\/119285"}],"wp:attachment":[{"href":"https:\/\/www.sudoestehoje.com.br\/novoportal\/wp-json\/wp\/v2\/media?parent=119284"}],"wp:term":[{"taxonomy":"category","embeddable":true,"href":"https:\/\/www.sudoestehoje.com.br\/novoportal\/wp-json\/wp\/v2\/categories?post=119284"},{"taxonomy":"post_tag","embeddable":true,"href":"https:\/\/www.sudoestehoje.com.br\/novoportal\/wp-json\/wp\/v2\/tags?post=119284"}],"curies":[{"name":"wp","href":"https:\/\/api.w.org\/{rel}","templated":true}]}}