
{"id":119253,"date":"2024-10-03T09:46:51","date_gmt":"2024-10-03T12:46:51","guid":{"rendered":"https:\/\/www.sudoestehoje.com.br\/novoportal\/?p=119253"},"modified":"2024-10-03T09:46:51","modified_gmt":"2024-10-03T12:46:51","slug":"luto-brasil-morre-cid-moreira-ex-apresentador-do-jornal-nacional","status":"publish","type":"post","link":"https:\/\/www.sudoestehoje.com.br\/novoportal\/2024\/10\/03\/luto-brasil-morre-cid-moreira-ex-apresentador-do-jornal-nacional\/","title":{"rendered":"LUTO BRASIL | MORRE CID MOREIRA, EX-APRESENTADOR DO JORNAL NACIONAL"},"content":{"rendered":"<div id=\"chunk-bjfp0\">\n<div class=\"mc-column content-text active-extra-styles \" data-block-type=\"unstyled\" data-block-weight=\"45\" data-block-id=\"2\">\n<p data-track-category=\"Link no Texto\" data-track-links=\"\" data-mrf-recirculation=\"Article links\"><img loading=\"lazy\" decoding=\"async\" class=\"alignnone  wp-image-119254\" src=\"https:\/\/www.sudoestehoje.com.br\/novoportal\/wp-content\/uploads\/2024\/10\/4528615-urgente-cid-moreira-morre-aos-97-anos-580x0-1.webp\" alt=\"\" width=\"550\" height=\"309\" \/><\/p>\n<p class=\" content-text__container \" data-track-category=\"Link no Texto\" data-track-links=\"\" data-mrf-recirculation=\"Article links\"><strong>Morreu nesta quinta-feira (3) o jornalista, locutor e apresentador\u00a0Cid Moreira,\u00a0<span class=\"highlight highlighted\">um dos rostos mais ic\u00f4nicos da televis\u00e3o brasileira<\/span>, aos 97 anos. <\/strong><\/p>\n<p class=\" content-text__container \" data-track-category=\"Link no Texto\" data-track-links=\"\" data-mrf-recirculation=\"Article links\"><strong>Ele estava internado no Hospital Santa Teresa, em\u00a0Petr\u00f3polis, na Regi\u00e3o Serrana do RJ, e nas \u00faltimas semanas vinha tratando de uma pneumonia.<\/strong><\/p>\n<\/div>\n<\/div>\n<div class=\"wall protected-content\">\n<div id=\"chunk-a7chf\">\n<div class=\"mc-column content-text active-extra-styles \" data-block-type=\"unstyled\" data-block-weight=\"15\" data-block-id=\"4\">\n<p class=\" content-text__container \" data-track-category=\"Link no Texto\" data-track-links=\"\" data-mrf-recirculation=\"Article links\"><strong>Segundo o Mem\u00f3ria Globo, Cid Moreira apresentou o Jornal Nacional cerca de\u00a08 mil vezes.<\/strong><\/p>\n<\/div>\n<\/div>\n<div id=\"chunk-4258o\">\n<div class=\"mc-column content-text active-extra-styles\" data-block-type=\"raw\" data-block-weight=\"3\" data-block-id=\"5\"><span style=\"color: #0000ff;\"><strong>\u00a0<a style=\"color: #0000ff;\" href=\"https:\/\/g1.globo.com\/rj\/rio-de-janeiro\/noticia\/2024\/10\/03\/morre-cid-moreira.ghtml\">CONFIRA MAT\u00c9RIA COMPLETA NO G1<\/a><\/strong><\/span><\/div>\n<\/div>\n<\/div>\n","protected":false},"excerpt":{"rendered":"<p>Morreu nesta quinta-feira (3) o jornalista, locutor e apresentador\u00a0Cid Moreira,\u00a0um dos rostos mais ic\u00f4nicos da televis\u00e3o brasileira, aos 97 anos. Ele estava internado no Hospital Santa Teresa, em\u00a0Petr\u00f3polis, na Regi\u00e3o Serrana do RJ, e nas \u00faltimas semanas vinha tratando de uma pneumonia. Segundo o Mem\u00f3ria Globo, Cid Moreira apresentou o Jornal Nacional cerca de\u00a08 mil [&hellip;]<\/p>\n","protected":false},"author":2,"featured_media":119254,"comment_status":"closed","ping_status":"open","sticky":false,"template":"","format":"standard","meta":{"footnotes":"","_links_to":"","_links_to_target":""},"categories":[1],"tags":[],"class_list":["post-119253","post","type-post","status-publish","format-standard","has-post-thumbnail","hentry","category-geral"],"views":855,"_links":{"self":[{"href":"https:\/\/www.sudoestehoje.com.br\/novoportal\/wp-json\/wp\/v2\/posts\/119253","targetHints":{"allow":["GET"]}}],"collection":[{"href":"https:\/\/www.sudoestehoje.com.br\/novoportal\/wp-json\/wp\/v2\/posts"}],"about":[{"href":"https:\/\/www.sudoestehoje.com.br\/novoportal\/wp-json\/wp\/v2\/types\/post"}],"author":[{"embeddable":true,"href":"https:\/\/www.sudoestehoje.com.br\/novoportal\/wp-json\/wp\/v2\/users\/2"}],"replies":[{"embeddable":true,"href":"https:\/\/www.sudoestehoje.com.br\/novoportal\/wp-json\/wp\/v2\/comments?post=119253"}],"version-history":[{"count":2,"href":"https:\/\/www.sudoestehoje.com.br\/novoportal\/wp-json\/wp\/v2\/posts\/119253\/revisions"}],"predecessor-version":[{"id":119256,"href":"https:\/\/www.sudoestehoje.com.br\/novoportal\/wp-json\/wp\/v2\/posts\/119253\/revisions\/119256"}],"wp:featuredmedia":[{"embeddable":true,"href":"https:\/\/www.sudoestehoje.com.br\/novoportal\/wp-json\/wp\/v2\/media\/119254"}],"wp:attachment":[{"href":"https:\/\/www.sudoestehoje.com.br\/novoportal\/wp-json\/wp\/v2\/media?parent=119253"}],"wp:term":[{"taxonomy":"category","embeddable":true,"href":"https:\/\/www.sudoestehoje.com.br\/novoportal\/wp-json\/wp\/v2\/categories?post=119253"},{"taxonomy":"post_tag","embeddable":true,"href":"https:\/\/www.sudoestehoje.com.br\/novoportal\/wp-json\/wp\/v2\/tags?post=119253"}],"curies":[{"name":"wp","href":"https:\/\/api.w.org\/{rel}","templated":true}]}}