
{"id":119196,"date":"2024-09-27T09:07:10","date_gmt":"2024-09-27T12:07:10","guid":{"rendered":"https:\/\/www.sudoestehoje.com.br\/novoportal\/?p=119196"},"modified":"2024-09-27T09:07:10","modified_gmt":"2024-09-27T12:07:10","slug":"bahia-medico-que-matou-colega-e-escondeu-cadaver-em-rio-e-condenado-a-17-anos-de-detencao","status":"publish","type":"post","link":"https:\/\/www.sudoestehoje.com.br\/novoportal\/2024\/09\/27\/bahia-medico-que-matou-colega-e-escondeu-cadaver-em-rio-e-condenado-a-17-anos-de-detencao\/","title":{"rendered":"BAHIA | M\u00c9DICO QUE MATOU COLEGA E ESCONDEU CAD\u00c1VER EM RIO \u00c9 CONDENADO A 17 ANOS DE DETEN\u00c7\u00c3O"},"content":{"rendered":"<div id=\"attachment_119197\" style=\"width: 610px\" class=\"wp-caption alignnone\"><img loading=\"lazy\" decoding=\"async\" aria-describedby=\"caption-attachment-119197\" class=\"size-full wp-image-119197\" src=\"https:\/\/www.sudoestehoje.com.br\/novoportal\/wp-content\/uploads\/2024\/09\/juri.jpg\" alt=\"\" width=\"600\" height=\"400\" \/><p id=\"caption-attachment-119197\" class=\"wp-caption-text\"><em><strong>GERALDO FREITAS (ESQ.) MATOU O COLEGA ANDRADE LOPES (DIR.) EM COBTAN\u00c7A DE D\u00cdVIDA<\/strong><\/em><\/p><\/div>\n<p><strong>O m\u00e9dico acusado de matar um colega e ocultar o corpo com uma \u00e2ncora em uma \u00e1rea de mata no Rio Jacu\u00edpe foi condenado a 17 anos, 10 meses e 15 dias de reclus\u00e3o. Geraldo Freitas de Carvalho J\u00fanior recebeu a senten\u00e7a em j\u00fari popular em Feira de Santana.<\/strong><\/p>\n<p><strong>Segundo o Acorda Cidade, o veredito saiu na madrugada desta sexta (27). Geraldo foi preso acusado na morte de Andrade Santana Lopes. O crime ocorreu em maio de 2021 ap\u00f3s o acusado se recusar a pagar uma caminhonete adquirida em nome de Andrade, uma vez que Geraldo tinha restri\u00e7\u00f5es com o Serasa.<\/strong><\/p>\n<p><strong>O acusado aguardava o julgamento preso. Inicialmente, ele foi levado para o Conjunto Penal de Feira de Santana. Depois, encaminhado para o pres\u00eddio de Jequi\u00e9, no Sudoeste. Andrade Lopes era natural do Acre e morava em Araci, na regi\u00e3o sisaleira, onde foi sepultado \u00e0 \u00e9poca sob forte como\u00e7\u00e3o. A v\u00edtima trabalhava tamb\u00e9m em Feira de Santana onde era colega de Geraldo.<\/strong><\/p>\n","protected":false},"excerpt":{"rendered":"<p>O m\u00e9dico acusado de matar um colega e ocultar o corpo com uma \u00e2ncora em uma \u00e1rea de mata no Rio Jacu\u00edpe foi condenado a 17 anos, 10 meses e 15 dias de reclus\u00e3o. Geraldo Freitas de Carvalho J\u00fanior recebeu a senten\u00e7a em j\u00fari popular em Feira de Santana. Segundo o Acorda Cidade, o veredito [&hellip;]<\/p>\n","protected":false},"author":2,"featured_media":119197,"comment_status":"closed","ping_status":"open","sticky":false,"template":"","format":"standard","meta":{"footnotes":"","_links_to":"","_links_to_target":""},"categories":[1],"tags":[],"class_list":["post-119196","post","type-post","status-publish","format-standard","has-post-thumbnail","hentry","category-geral"],"views":440,"_links":{"self":[{"href":"https:\/\/www.sudoestehoje.com.br\/novoportal\/wp-json\/wp\/v2\/posts\/119196","targetHints":{"allow":["GET"]}}],"collection":[{"href":"https:\/\/www.sudoestehoje.com.br\/novoportal\/wp-json\/wp\/v2\/posts"}],"about":[{"href":"https:\/\/www.sudoestehoje.com.br\/novoportal\/wp-json\/wp\/v2\/types\/post"}],"author":[{"embeddable":true,"href":"https:\/\/www.sudoestehoje.com.br\/novoportal\/wp-json\/wp\/v2\/users\/2"}],"replies":[{"embeddable":true,"href":"https:\/\/www.sudoestehoje.com.br\/novoportal\/wp-json\/wp\/v2\/comments?post=119196"}],"version-history":[{"count":3,"href":"https:\/\/www.sudoestehoje.com.br\/novoportal\/wp-json\/wp\/v2\/posts\/119196\/revisions"}],"predecessor-version":[{"id":119200,"href":"https:\/\/www.sudoestehoje.com.br\/novoportal\/wp-json\/wp\/v2\/posts\/119196\/revisions\/119200"}],"wp:featuredmedia":[{"embeddable":true,"href":"https:\/\/www.sudoestehoje.com.br\/novoportal\/wp-json\/wp\/v2\/media\/119197"}],"wp:attachment":[{"href":"https:\/\/www.sudoestehoje.com.br\/novoportal\/wp-json\/wp\/v2\/media?parent=119196"}],"wp:term":[{"taxonomy":"category","embeddable":true,"href":"https:\/\/www.sudoestehoje.com.br\/novoportal\/wp-json\/wp\/v2\/categories?post=119196"},{"taxonomy":"post_tag","embeddable":true,"href":"https:\/\/www.sudoestehoje.com.br\/novoportal\/wp-json\/wp\/v2\/tags?post=119196"}],"curies":[{"name":"wp","href":"https:\/\/api.w.org\/{rel}","templated":true}]}}