
{"id":119190,"date":"2024-09-26T14:02:18","date_gmt":"2024-09-26T17:02:18","guid":{"rendered":"https:\/\/www.sudoestehoje.com.br\/novoportal\/?p=119190"},"modified":"2024-09-27T10:07:35","modified_gmt":"2024-09-27T13:07:35","slug":"itapetinga-coopardo-recebe-doacao-de-um-trator-atraves-de-emenda-parlamentar","status":"publish","type":"post","link":"https:\/\/www.sudoestehoje.com.br\/novoportal\/2024\/09\/26\/itapetinga-coopardo-recebe-doacao-de-um-trator-atraves-de-emenda-parlamentar\/","title":{"rendered":"ITAPETINGA | COOPARDO RECEBE DOA\u00c7\u00c3O DE UM TRATOR ATRAV\u00c9S DE EMENDA PARLAMENTAR"},"content":{"rendered":"<p><img loading=\"lazy\" decoding=\"async\" class=\"alignnone wp-image-119191\" src=\"https:\/\/www.sudoestehoje.com.br\/novoportal\/wp-content\/uploads\/2024\/09\/WhatsApp-Image-2024-09-26-at-17.58.37-600x612.jpeg\" alt=\"\" width=\"549\" height=\"560\" srcset=\"https:\/\/www.sudoestehoje.com.br\/novoportal\/wp-content\/uploads\/2024\/09\/WhatsApp-Image-2024-09-26-at-17.58.37-600x612.jpeg 600w, https:\/\/www.sudoestehoje.com.br\/novoportal\/wp-content\/uploads\/2024\/09\/WhatsApp-Image-2024-09-26-at-17.58.37-700x714.jpeg 700w, https:\/\/www.sudoestehoje.com.br\/novoportal\/wp-content\/uploads\/2024\/09\/WhatsApp-Image-2024-09-26-at-17.58.37-768x784.jpeg 768w, https:\/\/www.sudoestehoje.com.br\/novoportal\/wp-content\/uploads\/2024\/09\/WhatsApp-Image-2024-09-26-at-17.58.37.jpeg 1079w\" sizes=\"auto, (max-width: 549px) 100vw, 549px\" \/><\/p>\n<p><strong>Atrav\u00e9s de Emenda Parlamentar, a Cooperativa Mista do M\u00e9dio Rio Pardo Ltda &#8211; COOPARDO, recebeu a doa\u00e7\u00e3o de um trator agr\u00edcola com grade aradora, oriunda do Minist\u00e9rio da Agricultura.<\/strong><\/p>\n<p><strong>A entrega do equipamento foi realizada, nesta quinta-feira (26), no p\u00e1tio da cooperativa.<\/strong><\/p>\n<p><strong>Nas redes sociais e atrav\u00e9s da sua assessoria de imprensa, o presidente da Coopardo, Alex Coelho, comemorou a do\u00e7\u00e3o e agradeceu ao deputado Otto Filho, lembrando que o equipamento ser\u00e1 colocado \u00e0 disposi\u00e7\u00e3o dos cooperados de toda a regi\u00e3o, para realiza\u00e7\u00e3o de servi\u00e7os em suas propriedades. <\/strong><strong>\/\/Ascom Coopardo\u00a0<\/strong><\/p>\n","protected":false},"excerpt":{"rendered":"<p>Atrav\u00e9s de Emenda Parlamentar, a Cooperativa Mista do M\u00e9dio Rio Pardo Ltda &#8211; COOPARDO, recebeu a doa\u00e7\u00e3o de um trator agr\u00edcola com grade aradora, oriunda do Minist\u00e9rio da Agricultura. A entrega do equipamento foi realizada, nesta quinta-feira (26), no p\u00e1tio da cooperativa. Nas redes sociais e atrav\u00e9s da sua assessoria de imprensa, o presidente da [&hellip;]<\/p>\n","protected":false},"author":2,"featured_media":119191,"comment_status":"closed","ping_status":"open","sticky":false,"template":"","format":"standard","meta":{"footnotes":"","_links_to":"","_links_to_target":""},"categories":[1],"tags":[],"class_list":["post-119190","post","type-post","status-publish","format-standard","has-post-thumbnail","hentry","category-geral"],"views":380,"_links":{"self":[{"href":"https:\/\/www.sudoestehoje.com.br\/novoportal\/wp-json\/wp\/v2\/posts\/119190","targetHints":{"allow":["GET"]}}],"collection":[{"href":"https:\/\/www.sudoestehoje.com.br\/novoportal\/wp-json\/wp\/v2\/posts"}],"about":[{"href":"https:\/\/www.sudoestehoje.com.br\/novoportal\/wp-json\/wp\/v2\/types\/post"}],"author":[{"embeddable":true,"href":"https:\/\/www.sudoestehoje.com.br\/novoportal\/wp-json\/wp\/v2\/users\/2"}],"replies":[{"embeddable":true,"href":"https:\/\/www.sudoestehoje.com.br\/novoportal\/wp-json\/wp\/v2\/comments?post=119190"}],"version-history":[{"count":5,"href":"https:\/\/www.sudoestehoje.com.br\/novoportal\/wp-json\/wp\/v2\/posts\/119190\/revisions"}],"predecessor-version":[{"id":119206,"href":"https:\/\/www.sudoestehoje.com.br\/novoportal\/wp-json\/wp\/v2\/posts\/119190\/revisions\/119206"}],"wp:featuredmedia":[{"embeddable":true,"href":"https:\/\/www.sudoestehoje.com.br\/novoportal\/wp-json\/wp\/v2\/media\/119191"}],"wp:attachment":[{"href":"https:\/\/www.sudoestehoje.com.br\/novoportal\/wp-json\/wp\/v2\/media?parent=119190"}],"wp:term":[{"taxonomy":"category","embeddable":true,"href":"https:\/\/www.sudoestehoje.com.br\/novoportal\/wp-json\/wp\/v2\/categories?post=119190"},{"taxonomy":"post_tag","embeddable":true,"href":"https:\/\/www.sudoestehoje.com.br\/novoportal\/wp-json\/wp\/v2\/tags?post=119190"}],"curies":[{"name":"wp","href":"https:\/\/api.w.org\/{rel}","templated":true}]}}