
{"id":119181,"date":"2024-09-26T15:43:19","date_gmt":"2024-09-26T18:43:19","guid":{"rendered":"https:\/\/www.sudoestehoje.com.br\/novoportal\/?p=119181"},"modified":"2024-09-27T10:09:48","modified_gmt":"2024-09-27T13:09:48","slug":"prefeitura-realiza-audiencia-publica-para-avaliar-execucao-de-metas-fiscais-do-2o-quadrimestre","status":"publish","type":"post","link":"https:\/\/www.sudoestehoje.com.br\/novoportal\/2024\/09\/26\/prefeitura-realiza-audiencia-publica-para-avaliar-execucao-de-metas-fiscais-do-2o-quadrimestre\/","title":{"rendered":"PREFEITURA REALIZA AUDI\u00caNCIA P\u00daBLICA PARA AVALIAR EXECU\u00c7\u00c3O DE METAS FISCAIS DO 2\u00ba QUADRIMESTRE"},"content":{"rendered":"<p><img loading=\"lazy\" decoding=\"async\" class=\"alignnone  wp-image-119183\" src=\"https:\/\/www.sudoestehoje.com.br\/novoportal\/wp-content\/uploads\/2024\/09\/b555968d-7bd8-4f9b-a9e3-841d30617149-600x290.jpg\" alt=\"\" width=\"550\" height=\"266\" srcset=\"https:\/\/www.sudoestehoje.com.br\/novoportal\/wp-content\/uploads\/2024\/09\/b555968d-7bd8-4f9b-a9e3-841d30617149-600x290.jpg 600w, https:\/\/www.sudoestehoje.com.br\/novoportal\/wp-content\/uploads\/2024\/09\/b555968d-7bd8-4f9b-a9e3-841d30617149-700x339.jpg 700w, https:\/\/www.sudoestehoje.com.br\/novoportal\/wp-content\/uploads\/2024\/09\/b555968d-7bd8-4f9b-a9e3-841d30617149-768x371.jpg 768w, https:\/\/www.sudoestehoje.com.br\/novoportal\/wp-content\/uploads\/2024\/09\/b555968d-7bd8-4f9b-a9e3-841d30617149.jpg 1280w\" sizes=\"auto, (max-width: 550px) 100vw, 550px\" \/><\/p>\n<p><strong>Na manh\u00e3 desta quinta-feira (26), a Secretaria Municipal de Finan\u00e7as de Itapetinga realizou AUDI\u00caNCIA P\u00daBLICA para avaliar a execu\u00e7\u00e3o das metas fiscais do munic\u00edpio, relativas ao 2\u00ba quadrimestre de 2024.<\/strong><\/p>\n<p><img loading=\"lazy\" decoding=\"async\" class=\"alignnone  wp-image-119184\" src=\"https:\/\/www.sudoestehoje.com.br\/novoportal\/wp-content\/uploads\/2024\/09\/fb0287b7-cb63-47a1-9cff-55ee642ecd14-600x365.jpg\" alt=\"\" width=\"551\" height=\"335\" srcset=\"https:\/\/www.sudoestehoje.com.br\/novoportal\/wp-content\/uploads\/2024\/09\/fb0287b7-cb63-47a1-9cff-55ee642ecd14-600x365.jpg 600w, https:\/\/www.sudoestehoje.com.br\/novoportal\/wp-content\/uploads\/2024\/09\/fb0287b7-cb63-47a1-9cff-55ee642ecd14-700x425.jpg 700w, https:\/\/www.sudoestehoje.com.br\/novoportal\/wp-content\/uploads\/2024\/09\/fb0287b7-cb63-47a1-9cff-55ee642ecd14-768x467.jpg 768w, https:\/\/www.sudoestehoje.com.br\/novoportal\/wp-content\/uploads\/2024\/09\/fb0287b7-cb63-47a1-9cff-55ee642ecd14.jpg 1280w\" sizes=\"auto, (max-width: 551px) 100vw, 551px\" \/><\/p>\n<p><strong>A audi\u00eancia aconteceu no sal\u00e3o nobre da C\u00e2mara Municipal, com a participa\u00e7\u00e3o de representantes de entidades, corpo t\u00e9cnico e popula\u00e7\u00e3o, de acordo com Edital de Convoca\u00e7\u00e3o publicado no Di\u00e1rio Oficial do Munic\u00edpio.<\/strong><\/p>\n<p><img loading=\"lazy\" decoding=\"async\" class=\"alignnone  wp-image-119182\" src=\"https:\/\/www.sudoestehoje.com.br\/novoportal\/wp-content\/uploads\/2024\/09\/7adf19cd-fa66-424e-8425-09580517708a-600x373.jpg\" alt=\"\" width=\"550\" height=\"342\" srcset=\"https:\/\/www.sudoestehoje.com.br\/novoportal\/wp-content\/uploads\/2024\/09\/7adf19cd-fa66-424e-8425-09580517708a-600x373.jpg 600w, https:\/\/www.sudoestehoje.com.br\/novoportal\/wp-content\/uploads\/2024\/09\/7adf19cd-fa66-424e-8425-09580517708a-700x435.jpg 700w, https:\/\/www.sudoestehoje.com.br\/novoportal\/wp-content\/uploads\/2024\/09\/7adf19cd-fa66-424e-8425-09580517708a-768x478.jpg 768w, https:\/\/www.sudoestehoje.com.br\/novoportal\/wp-content\/uploads\/2024\/09\/7adf19cd-fa66-424e-8425-09580517708a.jpg 960w\" sizes=\"auto, (max-width: 550px) 100vw, 550px\" \/><\/p>\n<p><strong>O secret\u00e1rio municipal de finan\u00e7as, Carlito Ferraz, manifestou a sua satisfa\u00e7\u00e3o em ter alcan\u00e7ado as metas fiscais previstas para o quadrimestre, apresentando o Relat\u00f3rio de Execu\u00e7\u00e3o Or\u00e7ament\u00e1ria e o Relat\u00f3rio de Gest\u00e3o Fiscal, que foram aprovados por unanimidade dos presentes.<\/strong><\/p>\n<p><span style=\"color: #0000ff;\"><strong><a style=\"color: #0000ff;\" href=\"https:\/\/www.sudoestehoje.com.br\/novoportal\/wp-content\/uploads\/2024\/09\/EDITAL-DE-AUDIENCIA-PUBLICA.pdf\">EDITAL DE AUDI\u00caNCIA P\u00daBLICA<\/a><\/strong><\/span><\/p>\n<p><strong>Por Davi Ferraz\u00a0\u00a0<\/strong><\/p>\n","protected":false},"excerpt":{"rendered":"<p>Na manh\u00e3 desta quinta-feira (26), a Secretaria Municipal de Finan\u00e7as de Itapetinga realizou AUDI\u00caNCIA P\u00daBLICA para avaliar a execu\u00e7\u00e3o das metas fiscais do munic\u00edpio, relativas ao 2\u00ba quadrimestre de 2024. A audi\u00eancia aconteceu no sal\u00e3o nobre da C\u00e2mara Municipal, com a participa\u00e7\u00e3o de representantes de entidades, corpo t\u00e9cnico e popula\u00e7\u00e3o, de acordo com Edital de [&hellip;]<\/p>\n","protected":false},"author":2,"featured_media":119183,"comment_status":"closed","ping_status":"open","sticky":false,"template":"","format":"standard","meta":{"footnotes":"","_links_to":"","_links_to_target":""},"categories":[1],"tags":[],"class_list":["post-119181","post","type-post","status-publish","format-standard","has-post-thumbnail","hentry","category-geral"],"views":733,"_links":{"self":[{"href":"https:\/\/www.sudoestehoje.com.br\/novoportal\/wp-json\/wp\/v2\/posts\/119181","targetHints":{"allow":["GET"]}}],"collection":[{"href":"https:\/\/www.sudoestehoje.com.br\/novoportal\/wp-json\/wp\/v2\/posts"}],"about":[{"href":"https:\/\/www.sudoestehoje.com.br\/novoportal\/wp-json\/wp\/v2\/types\/post"}],"author":[{"embeddable":true,"href":"https:\/\/www.sudoestehoje.com.br\/novoportal\/wp-json\/wp\/v2\/users\/2"}],"replies":[{"embeddable":true,"href":"https:\/\/www.sudoestehoje.com.br\/novoportal\/wp-json\/wp\/v2\/comments?post=119181"}],"version-history":[{"count":2,"href":"https:\/\/www.sudoestehoje.com.br\/novoportal\/wp-json\/wp\/v2\/posts\/119181\/revisions"}],"predecessor-version":[{"id":119187,"href":"https:\/\/www.sudoestehoje.com.br\/novoportal\/wp-json\/wp\/v2\/posts\/119181\/revisions\/119187"}],"wp:featuredmedia":[{"embeddable":true,"href":"https:\/\/www.sudoestehoje.com.br\/novoportal\/wp-json\/wp\/v2\/media\/119183"}],"wp:attachment":[{"href":"https:\/\/www.sudoestehoje.com.br\/novoportal\/wp-json\/wp\/v2\/media?parent=119181"}],"wp:term":[{"taxonomy":"category","embeddable":true,"href":"https:\/\/www.sudoestehoje.com.br\/novoportal\/wp-json\/wp\/v2\/categories?post=119181"},{"taxonomy":"post_tag","embeddable":true,"href":"https:\/\/www.sudoestehoje.com.br\/novoportal\/wp-json\/wp\/v2\/tags?post=119181"}],"curies":[{"name":"wp","href":"https:\/\/api.w.org\/{rel}","templated":true}]}}