
{"id":11918,"date":"2012-01-10T20:05:08","date_gmt":"2012-01-10T23:05:08","guid":{"rendered":"http:\/\/www.sudoestehoje.com.br\/novoportal\/?p=11918"},"modified":"2012-01-10T20:05:08","modified_gmt":"2012-01-10T23:05:08","slug":"conquista-pastor-e-demitido-por-defender-jovem-homossexual","status":"publish","type":"post","link":"https:\/\/www.sudoestehoje.com.br\/novoportal\/2012\/01\/10\/conquista-pastor-e-demitido-por-defender-jovem-homossexual\/","title":{"rendered":"CONQUISTA: PASTOR \u00c9 DEMITIDO POR DEFENDER JOVEM HOMOSSEXUAL"},"content":{"rendered":"<p style=\"text-align: center;\"><img decoding=\"async\" class=\"aligncenter\" src=\"http:\/\/www.bahianoticias.com.br\/fotos\/principal_noticias\/109152\/IMAGEM_NOTICIA_5.jpg\" alt=\"Conquista: Pastor diz que foi demitido por defender jovem homossexual em igreja\" width=\"400\" \/><\/p>\n<p>Um pastor da Igreja Batista da Gra\u00e7a, em Vit\u00f3ria da Conquista, acusou membros de sua congrega\u00e7\u00e3o de terem provocado sua demiss\u00e3o por conta de sua defesa para que um jovem homossexual continuasse a frequentar o culto. S\u00e9rgio Em\u00edlio Meira Santos alegou que o adolescente de 16 anos era discriminado por fieis e que seu pai chegou a prestar queixa na delegacia da cidade, nesta segunda-feira (9). O caso ganhou repercuss\u00e3o no F\u00f3rum Baiano de L\u00e9sbicas, Gays, Bissexuais, Travestis, Transexuais e Transg\u00eaneros, que emitiu uma note em rep\u00fadio \u00e0 suposta persegui\u00e7\u00e3o apontada pelo religioso. \u201cEntendemos que a luta pelos direitos humanos, independente dos locais frequentados pelos LGBT, deve ser pautada na concep\u00e7\u00e3o desses direitos como o conjunto de condi\u00e7\u00f5es de dignidade e integridade f\u00edsica e psicol\u00f3gica inalien\u00e1veis a qualquer pessoa. Conclamamos toda a sociedade de Vit\u00f3ria da Conquista e da Bahia a n\u00e3o mais ocultar casos como esses, afinal, \u00e9 necess\u00e1rio romper padr\u00f5es dominantes, uma vez que os direitos civis e a vida digna t\u00eam que ser os par\u00e2metros para tomada de decis\u00e3o, incluindo a criminaliza\u00e7\u00e3o de quaisquer atos que contrariem essa premissa\u201d, diz um trecho da carta aberta do grupo. Informa\u00e7\u00f5es do Blog do Anderson.<\/p>\n","protected":false},"excerpt":{"rendered":"<p>Um pastor da Igreja Batista da Gra\u00e7a, em Vit\u00f3ria da Conquista, acusou membros de sua congrega\u00e7\u00e3o de terem provocado sua demiss\u00e3o por conta de sua defesa para que um jovem homossexual continuasse a frequentar o culto. S\u00e9rgio Em\u00edlio Meira Santos alegou que o adolescente de 16 anos era discriminado por fieis e que seu pai [&hellip;]<\/p>\n","protected":false},"author":2,"featured_media":0,"comment_status":"open","ping_status":"open","sticky":false,"template":"","format":"standard","meta":{"footnotes":"","_links_to":"","_links_to_target":""},"categories":[1],"tags":[],"class_list":["post-11918","post","type-post","status-publish","format-standard","hentry","category-geral"],"views":1132,"_links":{"self":[{"href":"https:\/\/www.sudoestehoje.com.br\/novoportal\/wp-json\/wp\/v2\/posts\/11918","targetHints":{"allow":["GET"]}}],"collection":[{"href":"https:\/\/www.sudoestehoje.com.br\/novoportal\/wp-json\/wp\/v2\/posts"}],"about":[{"href":"https:\/\/www.sudoestehoje.com.br\/novoportal\/wp-json\/wp\/v2\/types\/post"}],"author":[{"embeddable":true,"href":"https:\/\/www.sudoestehoje.com.br\/novoportal\/wp-json\/wp\/v2\/users\/2"}],"replies":[{"embeddable":true,"href":"https:\/\/www.sudoestehoje.com.br\/novoportal\/wp-json\/wp\/v2\/comments?post=11918"}],"version-history":[{"count":3,"href":"https:\/\/www.sudoestehoje.com.br\/novoportal\/wp-json\/wp\/v2\/posts\/11918\/revisions"}],"predecessor-version":[{"id":11921,"href":"https:\/\/www.sudoestehoje.com.br\/novoportal\/wp-json\/wp\/v2\/posts\/11918\/revisions\/11921"}],"wp:attachment":[{"href":"https:\/\/www.sudoestehoje.com.br\/novoportal\/wp-json\/wp\/v2\/media?parent=11918"}],"wp:term":[{"taxonomy":"category","embeddable":true,"href":"https:\/\/www.sudoestehoje.com.br\/novoportal\/wp-json\/wp\/v2\/categories?post=11918"},{"taxonomy":"post_tag","embeddable":true,"href":"https:\/\/www.sudoestehoje.com.br\/novoportal\/wp-json\/wp\/v2\/tags?post=11918"}],"curies":[{"name":"wp","href":"https:\/\/api.w.org\/{rel}","templated":true}]}}