
{"id":119156,"date":"2024-09-25T10:48:37","date_gmt":"2024-09-25T13:48:37","guid":{"rendered":"https:\/\/www.sudoestehoje.com.br\/novoportal\/?p=119156"},"modified":"2024-09-25T22:39:50","modified_gmt":"2024-09-26T01:39:50","slug":"urgente-ministro-toffoli-do-stf-tranca-acao-penal-movida-contra-o-prefeito-rodrigo-hagge","status":"publish","type":"post","link":"https:\/\/www.sudoestehoje.com.br\/novoportal\/2024\/09\/25\/urgente-ministro-toffoli-do-stf-tranca-acao-penal-movida-contra-o-prefeito-rodrigo-hagge\/","title":{"rendered":"URGENTE! MINISTRO T\u00d3FFOLI DO STF TRANCA A\u00c7\u00d5ES PENAIS MOVIDAS CONTRA O PREFEITO RODRIGO HAGGE"},"content":{"rendered":"<p><img loading=\"lazy\" decoding=\"async\" class=\"alignnone wp-image-119157\" src=\"https:\/\/www.sudoestehoje.com.br\/novoportal\/wp-content\/uploads\/2024\/09\/Prefeito-Rodrigo-Hagge-deve-restituir-mais-de-R-600127676100202407011119-600x338.webp\" alt=\"\" width=\"549\" height=\"309\" srcset=\"https:\/\/www.sudoestehoje.com.br\/novoportal\/wp-content\/uploads\/2024\/09\/Prefeito-Rodrigo-Hagge-deve-restituir-mais-de-R-600127676100202407011119-600x338.webp 600w, https:\/\/www.sudoestehoje.com.br\/novoportal\/wp-content\/uploads\/2024\/09\/Prefeito-Rodrigo-Hagge-deve-restituir-mais-de-R-600127676100202407011119.webp 640w\" sizes=\"auto, (max-width: 549px) 100vw, 549px\" \/><\/p>\n<p><em><strong>Por Davi Ferraz<\/strong><\/em><\/p>\n<p><strong>Em decis\u00e3o monocr\u00e1tica tomada nesta ter\u00e7a-feira (24), o Ministro do Supremo Tribunal Federal, Dias Toffoli, determinou o trancamento das a\u00e7\u00f5es penais em curso no Tribunal de Justi\u00e7a da Bahia, contra o prefeito de Itapetinga, Rodrigo Ha<\/strong>gge.<\/p>\n<p><strong>A decis\u00e3o do Ministro Dias Toffoli, em pedido de Habeas Corpus requerido pela defesa do prefeito Rodrigo Hagge, n\u00e3o s\u00f3 tranca a a\u00e7\u00e3o, como tamb\u00e9m refuta as provas apresentadas, pela sua insustentabilidade. <\/strong><\/p>\n<p><strong>Na decis\u00e3o, o Ministro Toffoli destacou:<\/strong><strong><em> &#8220;A aus\u00eancia de ind\u00edcios da presen\u00e7a do dolo especifico do delito, com o reconhecimento de atipicidade da conduta dos agentes denunciados, j\u00e1 foi reconhecida pela Suprema Corte (Inq. n\u00ba 2.646\/RN, Tribunal Pleno, Relator o Ministro Ayres Britto, DJe de 7\/5\/10). 5. Denuncia rejeitada. A\u00e7\u00e3o penal julgada improcedente.(Inq 2616, Relator(a): DIAS TOFFOLI, Tribunal Pleno, julgado em 29-05-2014, DJe-29-08-2014) Ante o exposto, nos termos do art. 21, \u00a7 1\u00ba, do Regimento Interno do Supremo Tribunal Federal, conforme a fundamenta\u00e7\u00e3o expendida, concedo a ordem de habeas corpus para trancar a a\u00e7\u00e3o penal n\u00ba 8036324- 66.2022.805.0000 formalizada no Tribunal de Justi\u00e7a do Estado da Bahia, relativamente ao paciente, sem preju\u00edzo de eventual reapresenta\u00e7\u00e3o de denuncia corretamente articulada e estribada em novas provas (CPP, art. 18), das quais se possa aferir, ainda que em car\u00e1ter perfunct\u00f3rio, o necess\u00e1rio dolo especifico por parte do ora paciente. Publique-se. Brasilia, 24 de setembro de 2024.&#8221;<\/em><\/strong><br \/>\n<span style=\"color: #0000ff;\"><strong><a style=\"color: #0000ff;\" href=\"https:\/\/www.sudoestehoje.com.br\/novoportal\/wp-content\/uploads\/2024\/09\/Decisao-STF.pdf\">\u00cdntegra Decis\u00e3o STF<\/a><\/strong><\/span><\/p>\n","protected":false},"excerpt":{"rendered":"<p>Por Davi Ferraz Em decis\u00e3o monocr\u00e1tica tomada nesta ter\u00e7a-feira (24), o Ministro do Supremo Tribunal Federal, Dias Toffoli, determinou o trancamento das a\u00e7\u00f5es penais em curso no Tribunal de Justi\u00e7a da Bahia, contra o prefeito de Itapetinga, Rodrigo Hagge. A decis\u00e3o do Ministro Dias Toffoli, em pedido de Habeas Corpus requerido pela defesa do prefeito [&hellip;]<\/p>\n","protected":false},"author":2,"featured_media":119157,"comment_status":"closed","ping_status":"open","sticky":false,"template":"","format":"standard","meta":{"footnotes":"","_links_to":"","_links_to_target":""},"categories":[1],"tags":[],"class_list":["post-119156","post","type-post","status-publish","format-standard","has-post-thumbnail","hentry","category-geral"],"views":2696,"_links":{"self":[{"href":"https:\/\/www.sudoestehoje.com.br\/novoportal\/wp-json\/wp\/v2\/posts\/119156","targetHints":{"allow":["GET"]}}],"collection":[{"href":"https:\/\/www.sudoestehoje.com.br\/novoportal\/wp-json\/wp\/v2\/posts"}],"about":[{"href":"https:\/\/www.sudoestehoje.com.br\/novoportal\/wp-json\/wp\/v2\/types\/post"}],"author":[{"embeddable":true,"href":"https:\/\/www.sudoestehoje.com.br\/novoportal\/wp-json\/wp\/v2\/users\/2"}],"replies":[{"embeddable":true,"href":"https:\/\/www.sudoestehoje.com.br\/novoportal\/wp-json\/wp\/v2\/comments?post=119156"}],"version-history":[{"count":7,"href":"https:\/\/www.sudoestehoje.com.br\/novoportal\/wp-json\/wp\/v2\/posts\/119156\/revisions"}],"predecessor-version":[{"id":119166,"href":"https:\/\/www.sudoestehoje.com.br\/novoportal\/wp-json\/wp\/v2\/posts\/119156\/revisions\/119166"}],"wp:featuredmedia":[{"embeddable":true,"href":"https:\/\/www.sudoestehoje.com.br\/novoportal\/wp-json\/wp\/v2\/media\/119157"}],"wp:attachment":[{"href":"https:\/\/www.sudoestehoje.com.br\/novoportal\/wp-json\/wp\/v2\/media?parent=119156"}],"wp:term":[{"taxonomy":"category","embeddable":true,"href":"https:\/\/www.sudoestehoje.com.br\/novoportal\/wp-json\/wp\/v2\/categories?post=119156"},{"taxonomy":"post_tag","embeddable":true,"href":"https:\/\/www.sudoestehoje.com.br\/novoportal\/wp-json\/wp\/v2\/tags?post=119156"}],"curies":[{"name":"wp","href":"https:\/\/api.w.org\/{rel}","templated":true}]}}