
{"id":119153,"date":"2024-09-24T18:25:47","date_gmt":"2024-09-24T21:25:47","guid":{"rendered":"https:\/\/www.sudoestehoje.com.br\/novoportal\/?p=119153"},"modified":"2024-09-24T18:25:47","modified_gmt":"2024-09-24T21:25:47","slug":"via-bahia-confirma-rescisao-de-cocessao-das-brs-116-e-324-apos-acordo-com-governo","status":"publish","type":"post","link":"https:\/\/www.sudoestehoje.com.br\/novoportal\/2024\/09\/24\/via-bahia-confirma-rescisao-de-cocessao-das-brs-116-e-324-apos-acordo-com-governo\/","title":{"rendered":"VIA BAHIA CONFIRMA RESCIS\u00c3O DE COCESS\u00c3O DAS BRs 116 E 324 AP\u00d3S ACORDO COM GOVERNO"},"content":{"rendered":"<p><img loading=\"lazy\" decoding=\"async\" class=\"alignnone  wp-image-119154\" src=\"https:\/\/www.sudoestehoje.com.br\/novoportal\/wp-content\/uploads\/2024\/09\/b76d504ab46265d2a1bba46bdd1b1aa6-1-600x369.webp\" alt=\"\" width=\"550\" height=\"338\" srcset=\"https:\/\/www.sudoestehoje.com.br\/novoportal\/wp-content\/uploads\/2024\/09\/b76d504ab46265d2a1bba46bdd1b1aa6-1-600x369.webp 600w, https:\/\/www.sudoestehoje.com.br\/novoportal\/wp-content\/uploads\/2024\/09\/b76d504ab46265d2a1bba46bdd1b1aa6-1-700x431.webp 700w, https:\/\/www.sudoestehoje.com.br\/novoportal\/wp-content\/uploads\/2024\/09\/b76d504ab46265d2a1bba46bdd1b1aa6-1-768x473.webp 768w, https:\/\/www.sudoestehoje.com.br\/novoportal\/wp-content\/uploads\/2024\/09\/b76d504ab46265d2a1bba46bdd1b1aa6-1.webp 770w\" sizes=\"auto, (max-width: 550px) 100vw, 550px\" \/><\/p>\n<p><strong>A ViaBahia anunciou que ir\u00e1 rescindir o contrato de concess\u00e3o das BR 116 e 324 ap\u00f3s chegar em um acordo com o Minist\u00e9rio dos Transportes, a Ag\u00eancia Nacional de Transportes Terrestres (ANTT) e o Tribunal de Contas da Uni\u00e3o (TCU). A medida foi publicada nesta segunda-feira (23) por meio de Fato Relevante enviado aos investidores da companhia.<\/strong><\/p>\n<p><strong>No documento, a ViaBahia afirma que a rescis\u00e3o ocorre em consenso com o governo federal. Al\u00e9m disso, a empresa disse que ainda aguarda pela homologa\u00e7\u00e3o do distrato pelo TCU.<\/strong><\/p>\n<p><strong>\u201cA solu\u00e7\u00e3o consensual continua em processo final de reda\u00e7\u00e3o e dever\u00e1 passar pelas \u00faltimas inst\u00e2ncias de delibera\u00e7\u00e3o aplic\u00e1veis, bem como as respectivas governan\u00e7as da Companhia e das demais entidades envolvidas, para que possa ser submetida \u00e0 homologa\u00e7\u00e3o final pelo Plen\u00e1rio do TCU\u201d, disse a ViaBahia.<\/strong><\/p>\n<p><strong>O ministro da Casa Civil, Rui Costa, anunciou a rescis\u00e3o da concess\u00e3o durante agenda no interior da Bahia durante o final de semana.\u00a0<\/strong><\/p>\n","protected":false},"excerpt":{"rendered":"<p>A ViaBahia anunciou que ir\u00e1 rescindir o contrato de concess\u00e3o das BR 116 e 324 ap\u00f3s chegar em um acordo com o Minist\u00e9rio dos Transportes, a Ag\u00eancia Nacional de Transportes Terrestres (ANTT) e o Tribunal de Contas da Uni\u00e3o (TCU). A medida foi publicada nesta segunda-feira (23) por meio de Fato Relevante enviado aos investidores [&hellip;]<\/p>\n","protected":false},"author":2,"featured_media":119154,"comment_status":"closed","ping_status":"open","sticky":false,"template":"","format":"standard","meta":{"footnotes":"","_links_to":"","_links_to_target":""},"categories":[1],"tags":[],"class_list":["post-119153","post","type-post","status-publish","format-standard","has-post-thumbnail","hentry","category-geral"],"views":710,"_links":{"self":[{"href":"https:\/\/www.sudoestehoje.com.br\/novoportal\/wp-json\/wp\/v2\/posts\/119153","targetHints":{"allow":["GET"]}}],"collection":[{"href":"https:\/\/www.sudoestehoje.com.br\/novoportal\/wp-json\/wp\/v2\/posts"}],"about":[{"href":"https:\/\/www.sudoestehoje.com.br\/novoportal\/wp-json\/wp\/v2\/types\/post"}],"author":[{"embeddable":true,"href":"https:\/\/www.sudoestehoje.com.br\/novoportal\/wp-json\/wp\/v2\/users\/2"}],"replies":[{"embeddable":true,"href":"https:\/\/www.sudoestehoje.com.br\/novoportal\/wp-json\/wp\/v2\/comments?post=119153"}],"version-history":[{"count":1,"href":"https:\/\/www.sudoestehoje.com.br\/novoportal\/wp-json\/wp\/v2\/posts\/119153\/revisions"}],"predecessor-version":[{"id":119155,"href":"https:\/\/www.sudoestehoje.com.br\/novoportal\/wp-json\/wp\/v2\/posts\/119153\/revisions\/119155"}],"wp:featuredmedia":[{"embeddable":true,"href":"https:\/\/www.sudoestehoje.com.br\/novoportal\/wp-json\/wp\/v2\/media\/119154"}],"wp:attachment":[{"href":"https:\/\/www.sudoestehoje.com.br\/novoportal\/wp-json\/wp\/v2\/media?parent=119153"}],"wp:term":[{"taxonomy":"category","embeddable":true,"href":"https:\/\/www.sudoestehoje.com.br\/novoportal\/wp-json\/wp\/v2\/categories?post=119153"},{"taxonomy":"post_tag","embeddable":true,"href":"https:\/\/www.sudoestehoje.com.br\/novoportal\/wp-json\/wp\/v2\/tags?post=119153"}],"curies":[{"name":"wp","href":"https:\/\/api.w.org\/{rel}","templated":true}]}}