
{"id":119142,"date":"2024-09-24T17:15:54","date_gmt":"2024-09-24T20:15:54","guid":{"rendered":"https:\/\/www.sudoestehoje.com.br\/novoportal\/?p=119142"},"modified":"2024-09-24T17:15:54","modified_gmt":"2024-09-24T20:15:54","slug":"justica-de-pernambuco-revoga-prisao-preventiva-do-cantor-gustavo-lima","status":"publish","type":"post","link":"https:\/\/www.sudoestehoje.com.br\/novoportal\/2024\/09\/24\/justica-de-pernambuco-revoga-prisao-preventiva-do-cantor-gustavo-lima\/","title":{"rendered":"JUSTI\u00c7A DE PERNAMBUCO REVOGA PRIS\u00c3O PREVENTIVA DO CANTOR GUSTAVO LIMA"},"content":{"rendered":"<p><img loading=\"lazy\" decoding=\"async\" class=\"alignnone  wp-image-119145\" src=\"https:\/\/www.sudoestehoje.com.br\/novoportal\/wp-content\/uploads\/2024\/09\/img_0355-1-1160x710-2-600x367.jpg\" alt=\"\" width=\"549\" height=\"336\" srcset=\"https:\/\/www.sudoestehoje.com.br\/novoportal\/wp-content\/uploads\/2024\/09\/img_0355-1-1160x710-2-600x367.jpg 600w, https:\/\/www.sudoestehoje.com.br\/novoportal\/wp-content\/uploads\/2024\/09\/img_0355-1-1160x710-2-700x428.jpg 700w, https:\/\/www.sudoestehoje.com.br\/novoportal\/wp-content\/uploads\/2024\/09\/img_0355-1-1160x710-2-768x470.jpg 768w, https:\/\/www.sudoestehoje.com.br\/novoportal\/wp-content\/uploads\/2024\/09\/img_0355-1-1160x710-2.jpg 1160w\" sizes=\"auto, (max-width: 549px) 100vw, 549px\" \/><\/p>\n<p><strong>O Tribunal de Justi\u00e7a de Pernambuco (TJPE) revogou, na tarde desta ter\u00e7a-feira (24),\u00a0a pris\u00e3o preventiva de Gusttavo Lima\u00a0e a apreens\u00e3o do passaporte e do certificado de registro de arma de fogo do cantor. Ele \u00e9 um dos alvos da Opera\u00e7\u00e3o Integration, que apura\u00a0suposto esquema de lavagem de dinheiro envolvendo casas de apostas online\u00a0(as &#8220;bets&#8221;), assim como a\u00a0influenciadora Deolane Bezerra, que recebeu habeas corpus e saiu da cadeia.<\/strong><\/p>\n<p><strong>A decis\u00e3o foi do desembargador Eduardo Guilliod Maranh\u00e3o, que \u00e9 o relator do caso\u00a0(veja v\u00eddeo abaixo). A ordem de pris\u00e3o tinha sido determinada pela ju\u00edza Andr\u00e9a Calado da Cruz, da 12\u00aa Vara Criminal do\u00a0Recife, na segunda-feira (23).<\/strong><\/p>\n<div id=\"chunk-anplj\">\n<div class=\"mc-column content-text active-extra-styles \" data-block-type=\"unstyled\" data-block-weight=\"32\" data-block-id=\"8\">\n<p class=\" content-text__container \" data-track-category=\"Link no Texto\" data-track-links=\"\" data-mrf-recirculation=\"Article links\"><strong>Na decis\u00e3o em que revogou a pris\u00e3o, \u00e0 qual o\u00a0<a class=\"\" href=\"https:\/\/g1.globo.com\/pe\/pernambuco\/\" data-mrf-link=\"https:\/\/g1.globo.com\/pe\/pernambuco\/\">g1<\/a><a class=\"\" href=\"https:\/\/g1.globo.com\/pe\/pernambuco\/\" data-mrf-link=\"https:\/\/g1.globo.com\/pe\/pernambuco\/\">\u00a0<\/a>teve acesso, o magistrado afirmou que as justificativas dadas para a ordem de pris\u00e3o constituem &#8220;meras ila\u00e7\u00f5es impr\u00f3prias e considera\u00e7\u00f5es gen\u00e9ricas&#8221;.<\/strong><\/p>\n<\/div>\n<\/div>\n<div id=\"chunk-6kd77\">\n<div class=\"mc-column content-text active-extra-styles \" data-block-type=\"unstyled\" data-block-weight=\"56\" data-block-id=\"9\">\n<p><span style=\"color: #0000ff;\"><strong><a style=\"color: #0000ff;\" href=\"https:\/\/g1.globo.com\/pe\/pernambuco\/noticia\/2024\/09\/24\/justica-revoga-prisao-de-gusttavo-lima.ghtml\">COFIRA MAT\u00c9RIA COMPLETA NO G1<\/a><\/strong><\/span><\/p>\n<\/div>\n<\/div>\n","protected":false},"excerpt":{"rendered":"<p>O Tribunal de Justi\u00e7a de Pernambuco (TJPE) revogou, na tarde desta ter\u00e7a-feira (24),\u00a0a pris\u00e3o preventiva de Gusttavo Lima\u00a0e a apreens\u00e3o do passaporte e do certificado de registro de arma de fogo do cantor. Ele \u00e9 um dos alvos da Opera\u00e7\u00e3o Integration, que apura\u00a0suposto esquema de lavagem de dinheiro envolvendo casas de apostas online\u00a0(as &#8220;bets&#8221;), assim [&hellip;]<\/p>\n","protected":false},"author":2,"featured_media":119144,"comment_status":"closed","ping_status":"open","sticky":false,"template":"","format":"standard","meta":{"footnotes":"","_links_to":"","_links_to_target":""},"categories":[1],"tags":[],"class_list":["post-119142","post","type-post","status-publish","format-standard","has-post-thumbnail","hentry","category-geral"],"views":1372,"_links":{"self":[{"href":"https:\/\/www.sudoestehoje.com.br\/novoportal\/wp-json\/wp\/v2\/posts\/119142","targetHints":{"allow":["GET"]}}],"collection":[{"href":"https:\/\/www.sudoestehoje.com.br\/novoportal\/wp-json\/wp\/v2\/posts"}],"about":[{"href":"https:\/\/www.sudoestehoje.com.br\/novoportal\/wp-json\/wp\/v2\/types\/post"}],"author":[{"embeddable":true,"href":"https:\/\/www.sudoestehoje.com.br\/novoportal\/wp-json\/wp\/v2\/users\/2"}],"replies":[{"embeddable":true,"href":"https:\/\/www.sudoestehoje.com.br\/novoportal\/wp-json\/wp\/v2\/comments?post=119142"}],"version-history":[{"count":2,"href":"https:\/\/www.sudoestehoje.com.br\/novoportal\/wp-json\/wp\/v2\/posts\/119142\/revisions"}],"predecessor-version":[{"id":119146,"href":"https:\/\/www.sudoestehoje.com.br\/novoportal\/wp-json\/wp\/v2\/posts\/119142\/revisions\/119146"}],"wp:featuredmedia":[{"embeddable":true,"href":"https:\/\/www.sudoestehoje.com.br\/novoportal\/wp-json\/wp\/v2\/media\/119144"}],"wp:attachment":[{"href":"https:\/\/www.sudoestehoje.com.br\/novoportal\/wp-json\/wp\/v2\/media?parent=119142"}],"wp:term":[{"taxonomy":"category","embeddable":true,"href":"https:\/\/www.sudoestehoje.com.br\/novoportal\/wp-json\/wp\/v2\/categories?post=119142"},{"taxonomy":"post_tag","embeddable":true,"href":"https:\/\/www.sudoestehoje.com.br\/novoportal\/wp-json\/wp\/v2\/tags?post=119142"}],"curies":[{"name":"wp","href":"https:\/\/api.w.org\/{rel}","templated":true}]}}