
{"id":119138,"date":"2024-09-24T12:35:24","date_gmt":"2024-09-24T15:35:24","guid":{"rendered":"https:\/\/www.sudoestehoje.com.br\/novoportal\/?p=119138"},"modified":"2024-09-24T12:35:24","modified_gmt":"2024-09-24T15:35:24","slug":"conquista-mpf-entra-com-recurso-contra-decisao-do-tre-que-considerou-sheila-lemos-inelegivel","status":"publish","type":"post","link":"https:\/\/www.sudoestehoje.com.br\/novoportal\/2024\/09\/24\/conquista-mpf-entra-com-recurso-contra-decisao-do-tre-que-considerou-sheila-lemos-inelegivel\/","title":{"rendered":"CONQUISTA | MPF ENTRA COM RECURSO CONTRA DECIS\u00c3O DO TRE QUE CONSIDEROU SHEILA LEMOS INELEG\u00cdVEL"},"content":{"rendered":"<p><img loading=\"lazy\" decoding=\"async\" class=\"alignnone  wp-image-119140\" src=\"https:\/\/www.sudoestehoje.com.br\/novoportal\/wp-content\/uploads\/2024\/09\/aMGspfg-600x433.jpeg\" alt=\"\" width=\"550\" height=\"397\" srcset=\"https:\/\/www.sudoestehoje.com.br\/novoportal\/wp-content\/uploads\/2024\/09\/aMGspfg-600x433.jpeg 600w, https:\/\/www.sudoestehoje.com.br\/novoportal\/wp-content\/uploads\/2024\/09\/aMGspfg.jpeg 650w\" sizes=\"auto, (max-width: 550px) 100vw, 550px\" \/><\/p>\n<p><strong>O Procurador Regional Eleitoral do Minist\u00e9rio P\u00fablico Federal na Bahia, Samir Cabus Nachef J\u00fanior, deu entrada com recurso contestando a decis\u00e3o do Tribunal Regional Eleitoral (TRE-BA) que considerou a prefeita Sheila Lemos ineleg\u00edvel. O TRE deu provimento, por 4 votos a 3, ao recurso impetrado pelo advogado e candidato a prefeito Marcos Adriano, contra decis\u00e3o do juiz Jo\u00e3o Lemos Rodrigues, da 40\u00aa Zona Eleitoral, que j\u00e1 havia julgado que Sheila poderia ser candidata a prefeita.<\/strong><\/p>\n<p><strong>No recurso ao TSE, o procurador do Minist\u00e9rio P\u00fablico Federal (MPF), diz que, como Sheila Lemos \u201cfoi devidamente eleita e diplomada antes da doen\u00e7a que acometeu o prefeito reeleito, e antes da substitui\u00e7\u00e3o feita por sua m\u00e3e no per\u00edodo posterior \u00e0 diploma\u00e7\u00e3o, n\u00e3o h\u00e1 como se pontuar m\u00e1culas h\u00e1beis a atrair inelegibilidade\u201d.<\/strong><\/p>\n<p><strong>De acordo com o MPF, a substitui\u00e7\u00e3o feita pela m\u00e3e da prefeita, Irma Lemos, ap\u00f3s a diploma\u00e7\u00e3o dos eleitos, n\u00e3o contamina o mandato pelo qual ela foi eleita, \u201cpois foi um ato que ocorreu ap\u00f3s o \u2018encerramento definitivo\u2019 da elei\u00e7\u00e3o: a diploma\u00e7\u00e3o. Se ocorreu ap\u00f3s a diploma\u00e7\u00e3o, isso quer dizer que, at\u00e9 aquele momento, nenhum parente de ANA SHEILA LEMOS ANDRADE havia assumido o cargo de chefe do Executivo local. Se nenhum parente exerceu tal cargo at\u00e9 a sua diploma\u00e7\u00e3o, a substitui\u00e7\u00e3o de sua m\u00e3e em dezembro de 2020 \u00e9 ato estranho ao Direito Eleitoral e que n\u00e3o se comunica com o primeiro mandato de sua filha\u201d.<\/strong><\/p>\n<p><strong>Com as considera\u00e7\u00f5es acima, a Procuradoria Regional Eleitoral do Minist\u00e9rio P\u00fablico Federal deu entrada em recurso especial no TSE \u201cno sentido de reformar a decis\u00e3o o Tribunal Regional Eleitoral da Bahia e, consequentemente, deferir o registro de candidatura de Sheila Lemos, \u201cuma vez que se encontra eleg\u00edvel para concorrer ao cargo de prefeita nas elei\u00e7\u00f5es de 2024\u201d.\u00a0\/\/ Blog do Giorlando Lima.<\/strong><\/p>\n","protected":false},"excerpt":{"rendered":"<p>O Procurador Regional Eleitoral do Minist\u00e9rio P\u00fablico Federal na Bahia, Samir Cabus Nachef J\u00fanior, deu entrada com recurso contestando a decis\u00e3o do Tribunal Regional Eleitoral (TRE-BA) que considerou a prefeita Sheila Lemos ineleg\u00edvel. O TRE deu provimento, por 4 votos a 3, ao recurso impetrado pelo advogado e candidato a prefeito Marcos Adriano, contra decis\u00e3o [&hellip;]<\/p>\n","protected":false},"author":2,"featured_media":119140,"comment_status":"closed","ping_status":"open","sticky":false,"template":"","format":"standard","meta":{"footnotes":"","_links_to":"","_links_to_target":""},"categories":[1],"tags":[],"class_list":["post-119138","post","type-post","status-publish","format-standard","has-post-thumbnail","hentry","category-geral"],"views":881,"_links":{"self":[{"href":"https:\/\/www.sudoestehoje.com.br\/novoportal\/wp-json\/wp\/v2\/posts\/119138","targetHints":{"allow":["GET"]}}],"collection":[{"href":"https:\/\/www.sudoestehoje.com.br\/novoportal\/wp-json\/wp\/v2\/posts"}],"about":[{"href":"https:\/\/www.sudoestehoje.com.br\/novoportal\/wp-json\/wp\/v2\/types\/post"}],"author":[{"embeddable":true,"href":"https:\/\/www.sudoestehoje.com.br\/novoportal\/wp-json\/wp\/v2\/users\/2"}],"replies":[{"embeddable":true,"href":"https:\/\/www.sudoestehoje.com.br\/novoportal\/wp-json\/wp\/v2\/comments?post=119138"}],"version-history":[{"count":2,"href":"https:\/\/www.sudoestehoje.com.br\/novoportal\/wp-json\/wp\/v2\/posts\/119138\/revisions"}],"predecessor-version":[{"id":119141,"href":"https:\/\/www.sudoestehoje.com.br\/novoportal\/wp-json\/wp\/v2\/posts\/119138\/revisions\/119141"}],"wp:featuredmedia":[{"embeddable":true,"href":"https:\/\/www.sudoestehoje.com.br\/novoportal\/wp-json\/wp\/v2\/media\/119140"}],"wp:attachment":[{"href":"https:\/\/www.sudoestehoje.com.br\/novoportal\/wp-json\/wp\/v2\/media?parent=119138"}],"wp:term":[{"taxonomy":"category","embeddable":true,"href":"https:\/\/www.sudoestehoje.com.br\/novoportal\/wp-json\/wp\/v2\/categories?post=119138"},{"taxonomy":"post_tag","embeddable":true,"href":"https:\/\/www.sudoestehoje.com.br\/novoportal\/wp-json\/wp\/v2\/tags?post=119138"}],"curies":[{"name":"wp","href":"https:\/\/api.w.org\/{rel}","templated":true}]}}