
{"id":119074,"date":"2024-09-18T09:33:59","date_gmt":"2024-09-18T12:33:59","guid":{"rendered":"https:\/\/www.sudoestehoje.com.br\/novoportal\/?p=119074"},"modified":"2024-09-18T09:33:59","modified_gmt":"2024-09-18T12:33:59","slug":"massacre-pesquisa-quaest-em-salvador-mostra-bruno-reis-com-74-contra-6-do-candidato-governista-geraldo-junior","status":"publish","type":"post","link":"https:\/\/www.sudoestehoje.com.br\/novoportal\/2024\/09\/18\/massacre-pesquisa-quaest-em-salvador-mostra-bruno-reis-com-74-contra-6-do-candidato-governista-geraldo-junior\/","title":{"rendered":"MASSACRE | PESQUISA QUAEST EM SALVADOR MOSTRA BRUNO REIS COM 74% CONTRA 6% DO CANDIDATO GOVERNISTA  GERALDO JUNIOR"},"content":{"rendered":"<div id=\"chunk-fhav7\">\n<div class=\"mc-column content-text active-extra-styles \" data-block-type=\"unstyled\" data-block-weight=\"61\" data-block-id=\"2\">\n<p data-track-category=\"Link no Texto\" data-track-links=\"\" data-mrf-recirculation=\"Article links\"><img loading=\"lazy\" decoding=\"async\" class=\"alignnone  wp-image-119080\" src=\"https:\/\/www.sudoestehoje.com.br\/novoportal\/wp-content\/uploads\/2024\/09\/bruno-reis-e-geraldo-jr-600x338.webp\" alt=\"\" width=\"550\" height=\"310\" srcset=\"https:\/\/www.sudoestehoje.com.br\/novoportal\/wp-content\/uploads\/2024\/09\/bruno-reis-e-geraldo-jr-600x338.webp 600w, https:\/\/www.sudoestehoje.com.br\/novoportal\/wp-content\/uploads\/2024\/09\/bruno-reis-e-geraldo-jr-700x394.webp 700w, https:\/\/www.sudoestehoje.com.br\/novoportal\/wp-content\/uploads\/2024\/09\/bruno-reis-e-geraldo-jr-768x432.webp 768w, https:\/\/www.sudoestehoje.com.br\/novoportal\/wp-content\/uploads\/2024\/09\/bruno-reis-e-geraldo-jr.webp 1200w\" sizes=\"auto, (max-width: 550px) 100vw, 550px\" \/><\/p>\n<p class=\" content-text__container \" data-track-category=\"Link no Texto\" data-track-links=\"\" data-mrf-recirculation=\"Article links\"><strong>Segunda rodada da Pesquisa Quaest, encomendada pela TV Bahia e divulgada nesta ter\u00e7a-feira (17), mostra que o atual prefeito de\u00a0Salvador, Bruno Reis (Uni\u00e3o Brasil), mant\u00e9m a lideran\u00e7a na disputa eleitoral, com 74% das inten\u00e7\u00f5es de voto. O \u00edndice \u00e9 maior do que o apurado pelo instituto na primeira edi\u00e7\u00e3o, em agosto,\u00a0quando o candidato apresentou 66% das inten\u00e7\u00f5es de voto.<\/strong><\/p>\n<\/div>\n<\/div>\n<div class=\"wall protected-content\">\n<div id=\"chunk-6sith\">\n<div class=\"mc-column content-text active-extra-styles \" data-block-type=\"unstyled\" data-block-weight=\"26\" data-block-id=\"4\">\n<p class=\" content-text__container \" data-track-category=\"Link no Texto\" data-track-links=\"\" data-mrf-recirculation=\"Article links\"><strong>O segundo lugar na pesquisa \u00e9 do candidato Geraldo J\u00fanior (MDB), que aparece com 6% das inten\u00e7\u00f5es de voto. Na pesquisa anterior, ele registrou 9%.<\/strong><\/p>\n<div class=\"glb-grid\"><main class=\"mc-body theme\"><\/p>\n<div class=\"mc-article-body\">\n<article>\n<div class=\"wall protected-content\">\n<div id=\"chunk-cq9h6\">\n<div class=\"mc-column content-text active-extra-styles \" data-block-type=\"unstyled\" data-block-weight=\"8\" data-block-id=\"15\">\n<p class=\" content-text__container \" data-track-category=\"Link no Texto\" data-track-links=\"\" data-mrf-recirculation=\"Article links\"><strong>Veja os n\u00fameros da segunda rodada da Quaest:<\/strong><\/p>\n<\/div>\n<\/div>\n<div id=\"chunk-4gbv1\">\n<div class=\"mc-column content-text active-extra-styles\" data-block-type=\"raw\" data-block-weight=\"88\" data-block-id=\"16\">\n<p><strong>Bruno Reis (Uni\u00e3o Brasil): 74% (eram 66% na rodada anterior)<\/strong><\/p>\n<p><strong>Geraldo J\u00fanior (MDB): 6% (eram 9% na pesquisa anterior)<\/strong><\/p>\n<p><strong>Kleber Rosa (PSOL): 4% (mesmo \u00edndice da primeira pesquisa)<\/strong><\/p>\n<p><strong>Victor Marinho (PSTU): 1% (manteve \u00edndice da primeira pesquisa)<\/strong><\/p>\n<p><strong>Eslane Paix\u00e3o (UP): n\u00e3o pontou (era 1% na primeira rodada)<\/strong><\/p>\n<p><strong>Giovani Damico (PCB): n\u00e3o pontou (era 1% na primeira rodada)<\/strong><\/p>\n<p><strong>Silvano Alves (PCO): n\u00e3o pontou (era 1% na primeira rodada)<\/strong><\/p>\n<p><strong>Indecisos: 6% (\u00edndice foi de 5% na rodada anterior)<\/strong><\/p>\n<p><strong>Branco\/Nulo\/N\u00e3o vai votar: 9% (eram 12% na primeira pesquisa)<\/strong><\/p>\n<div id=\"chunk-32on7\">\n<div class=\"mc-column content-text active-extra-styles \" data-block-type=\"unstyled\" data-block-weight=\"28\" data-block-id=\"22\">\n<p class=\" content-text__container \" data-track-category=\"Link no Texto\" data-track-links=\"\" data-mrf-recirculation=\"Article links\"><strong>Essa \u00e9 a segunda de tr\u00eas pesquisas encomendadas pela Rede Bahia para o Instituto Quaest no primeiro turno. Foram ouvidas 900 pessoas com 16 anos ou mais.<\/strong><\/p>\n<\/div>\n<\/div>\n<div id=\"chunk-dq329\">\n<div class=\"mc-column content-text active-extra-styles \" data-block-type=\"unstyled\" data-block-weight=\"34\" data-block-id=\"23\">\n<p class=\" content-text__container \" data-track-category=\"Link no Texto\" data-track-links=\"\" data-mrf-recirculation=\"Article links\"><strong>A margem de erro \u00e9 de tr\u00eas pontos percentuais para mais ou para menos, com 95% de n\u00edvel de confian\u00e7a. O levantamento foi registrado no Tribunal Superior Eleitoral (TSE) com o n\u00famero BA-01787\/2024.<\/strong><\/p>\n<\/div>\n<\/div>\n<\/div>\n<\/div>\n<\/div>\n<\/article>\n<\/div>\n<p><\/main><\/p>\n<div class=\"mc-bottom\">\n<div class=\"feed theme-border-color-primary\">\n<div class=\"theme\">\n<div id=\"bstn-launcher\" class=\"fore-posts-setted fore-posts-3 bsl-has-fore-posts bsl-has-items bsl-no-headline-variation bstn-channel-desktop bstn-api-multi-content bstn-tenant-g1\" data-buildversion=\"12.11.1\" data-folderversion=\"mr_314149\" data-namespace=\"dsframework\" data-jshash=\"202409906be066a29c9bd024ad73cb363c3120\" data-csshash=\"202409ae144b43ba2096f9b70d297db450cfdf\">\n<div id=\"bstn-fd-launcher\">\n<div class=\"feed-root\">\n<div id=\"feed-placeholder\" class=\"feed-placeholder\">\n<div class=\"_evt\">\n<div class=\"bstn-fd bstn-fd-csr bstn-fd-recommended\">\n<div class=\"_evg\">\n<div class=\"_evt\">\n<div class=\"bastian-page\" data-index=\"1\">\n<div class=\"_evg\">\n<div class=\"_evt\">\n<div class=\"bastian-feed-item\" data-type=\"materia\" data-index=\"8\" data-mrf-recirculation=\"Materia\">\n<div id=\"cb102f891fe612445adc8509bbe9528d\" class=\"feed-post bstn-item-shape type-materia\">\n<div class=\"feed-post-body\">\n<div class=\"feed-post-body-title gui-color-primary gui-color-hover \"><\/div>\n<\/div>\n<\/div>\n<\/div>\n<\/div>\n<\/div>\n<\/div>\n<\/div>\n<\/div>\n<\/div>\n<\/div>\n<\/div>\n<\/div>\n<\/div>\n<\/div>\n<\/div>\n<\/div>\n<\/div>\n<\/div>\n<\/div>\n<\/div>\n<\/div>\n","protected":false},"excerpt":{"rendered":"<p>Segunda rodada da Pesquisa Quaest, encomendada pela TV Bahia e divulgada nesta ter\u00e7a-feira (17), mostra que o atual prefeito de\u00a0Salvador, Bruno Reis (Uni\u00e3o Brasil), mant\u00e9m a lideran\u00e7a na disputa eleitoral, com 74% das inten\u00e7\u00f5es de voto. O \u00edndice \u00e9 maior do que o apurado pelo instituto na primeira edi\u00e7\u00e3o, em agosto,\u00a0quando o candidato apresentou 66% [&hellip;]<\/p>\n","protected":false},"author":2,"featured_media":119080,"comment_status":"closed","ping_status":"open","sticky":false,"template":"","format":"standard","meta":{"footnotes":"","_links_to":"","_links_to_target":""},"categories":[1],"tags":[],"class_list":["post-119074","post","type-post","status-publish","format-standard","has-post-thumbnail","hentry","category-geral"],"views":662,"_links":{"self":[{"href":"https:\/\/www.sudoestehoje.com.br\/novoportal\/wp-json\/wp\/v2\/posts\/119074","targetHints":{"allow":["GET"]}}],"collection":[{"href":"https:\/\/www.sudoestehoje.com.br\/novoportal\/wp-json\/wp\/v2\/posts"}],"about":[{"href":"https:\/\/www.sudoestehoje.com.br\/novoportal\/wp-json\/wp\/v2\/types\/post"}],"author":[{"embeddable":true,"href":"https:\/\/www.sudoestehoje.com.br\/novoportal\/wp-json\/wp\/v2\/users\/2"}],"replies":[{"embeddable":true,"href":"https:\/\/www.sudoestehoje.com.br\/novoportal\/wp-json\/wp\/v2\/comments?post=119074"}],"version-history":[{"count":6,"href":"https:\/\/www.sudoestehoje.com.br\/novoportal\/wp-json\/wp\/v2\/posts\/119074\/revisions"}],"predecessor-version":[{"id":119081,"href":"https:\/\/www.sudoestehoje.com.br\/novoportal\/wp-json\/wp\/v2\/posts\/119074\/revisions\/119081"}],"wp:featuredmedia":[{"embeddable":true,"href":"https:\/\/www.sudoestehoje.com.br\/novoportal\/wp-json\/wp\/v2\/media\/119080"}],"wp:attachment":[{"href":"https:\/\/www.sudoestehoje.com.br\/novoportal\/wp-json\/wp\/v2\/media?parent=119074"}],"wp:term":[{"taxonomy":"category","embeddable":true,"href":"https:\/\/www.sudoestehoje.com.br\/novoportal\/wp-json\/wp\/v2\/categories?post=119074"},{"taxonomy":"post_tag","embeddable":true,"href":"https:\/\/www.sudoestehoje.com.br\/novoportal\/wp-json\/wp\/v2\/tags?post=119074"}],"curies":[{"name":"wp","href":"https:\/\/api.w.org\/{rel}","templated":true}]}}