
{"id":119071,"date":"2024-09-18T09:18:17","date_gmt":"2024-09-18T12:18:17","guid":{"rendered":"https:\/\/www.sudoestehoje.com.br\/novoportal\/?p=119071"},"modified":"2024-09-18T09:18:17","modified_gmt":"2024-09-18T12:18:17","slug":"twitteiros-comemoram-retorno-do-x-no-brasil-nesta-quarta-feira-18","status":"publish","type":"post","link":"https:\/\/www.sudoestehoje.com.br\/novoportal\/2024\/09\/18\/twitteiros-comemoram-retorno-do-x-no-brasil-nesta-quarta-feira-18\/","title":{"rendered":"TWITTEIROS COMEMORAM RETORNO DO X NO BRASIL, NESTA QUARTA-FEIRA (18)"},"content":{"rendered":"<p><img loading=\"lazy\" decoding=\"async\" class=\"alignnone size-medium wp-image-119072\" src=\"https:\/\/www.sudoestehoje.com.br\/novoportal\/wp-content\/uploads\/2024\/09\/IMAGEM_NOTICIA_9-600x315.webp\" alt=\"\" width=\"600\" height=\"315\" srcset=\"https:\/\/www.sudoestehoje.com.br\/novoportal\/wp-content\/uploads\/2024\/09\/IMAGEM_NOTICIA_9-600x315.webp 600w, https:\/\/www.sudoestehoje.com.br\/novoportal\/wp-content\/uploads\/2024\/09\/IMAGEM_NOTICIA_9-700x368.webp 700w, https:\/\/www.sudoestehoje.com.br\/novoportal\/wp-content\/uploads\/2024\/09\/IMAGEM_NOTICIA_9-768x403.webp 768w, https:\/\/www.sudoestehoje.com.br\/novoportal\/wp-content\/uploads\/2024\/09\/IMAGEM_NOTICIA_9.webp 1200w\" sizes=\"auto, (max-width: 600px) 100vw, 600px\" \/><\/p>\n<p style=\"font-weight: 400;\"><strong>A novela envolvendo o funcionamento da rede social X (antigo twitter) no Brasil ganhou novos cap\u00edtulos nesta quarta-feira (18). Usu\u00e1rios que t\u00eam conta na plataforma Brasil relataram na manh\u00e3 desta quarta-feira (18), o retorno das atividades do aplicativo.\u00a0<\/strong><\/p>\n<p style=\"font-weight: 400;\"><strong>A ferramenta estava suspensa no pa\u00eds, ap\u00f3s o ministro do Supremo Tribunal Federal (STF), Alexandre de Moraes, determinar a suspens\u00e3o da rede social no \u00faltimo dia 30, por a empresa n\u00e3o seguir uma ordem para estabelecer um representante legal no pa\u00eds.\u00a0<\/strong><\/p>\n<p style=\"font-weight: 400;\"><strong>O retorno nesta quarta ocorreu apenas na vers\u00e3o do aplicativo, tanto na vers\u00e3o Android quanto iOS, conseguem acessar suas respectivas contas em aparelhos celulares. No entanto, na vers\u00e3o Web atrav\u00e9s dos navegadores Google Chrome e Safari, a rede ainda continua fora do ar.\u00a0<\/strong><\/p>\n<p style=\"font-weight: 400;\"><strong>O STF ainda n\u00e3o se pronunciou se houve uma decis\u00e3o de Moraes autorizando a volta da m\u00eddia digital. Vale lembrar que recentemente, a multa que o X devia ao pa\u00eds foi paga ap\u00f3s o governo confiscar, atrav\u00e9s de decis\u00e3o judicial, cerca de R$18.35 milh\u00f5es da Starlink, outra empresa de Elon Musk (dono do X).\u00a0<\/strong><\/p>\n<p style=\"font-weight: 400;\"><strong>Em diferentes posts, os \u201ctwitteiros\u201d, como s\u00e3o conhecidos os usu\u00e1rios mais ativos e ass\u00edduos da plataforma, celebraram o funcionamento da rede.\u00a0<\/strong><\/p>\n<p style=\"font-weight: 400;\"><strong>\u201c Galera? Estamos vivos novamente?\u201d<\/strong><\/p>\n","protected":false},"excerpt":{"rendered":"<p>A novela envolvendo o funcionamento da rede social X (antigo twitter) no Brasil ganhou novos cap\u00edtulos nesta quarta-feira (18). Usu\u00e1rios que t\u00eam conta na plataforma Brasil relataram na manh\u00e3 desta quarta-feira (18), o retorno das atividades do aplicativo.\u00a0 A ferramenta estava suspensa no pa\u00eds, ap\u00f3s o ministro do Supremo Tribunal Federal (STF), Alexandre de Moraes, [&hellip;]<\/p>\n","protected":false},"author":2,"featured_media":119072,"comment_status":"closed","ping_status":"open","sticky":false,"template":"","format":"standard","meta":{"footnotes":"","_links_to":"","_links_to_target":""},"categories":[1],"tags":[],"class_list":["post-119071","post","type-post","status-publish","format-standard","has-post-thumbnail","hentry","category-geral"],"views":672,"_links":{"self":[{"href":"https:\/\/www.sudoestehoje.com.br\/novoportal\/wp-json\/wp\/v2\/posts\/119071","targetHints":{"allow":["GET"]}}],"collection":[{"href":"https:\/\/www.sudoestehoje.com.br\/novoportal\/wp-json\/wp\/v2\/posts"}],"about":[{"href":"https:\/\/www.sudoestehoje.com.br\/novoportal\/wp-json\/wp\/v2\/types\/post"}],"author":[{"embeddable":true,"href":"https:\/\/www.sudoestehoje.com.br\/novoportal\/wp-json\/wp\/v2\/users\/2"}],"replies":[{"embeddable":true,"href":"https:\/\/www.sudoestehoje.com.br\/novoportal\/wp-json\/wp\/v2\/comments?post=119071"}],"version-history":[{"count":1,"href":"https:\/\/www.sudoestehoje.com.br\/novoportal\/wp-json\/wp\/v2\/posts\/119071\/revisions"}],"predecessor-version":[{"id":119073,"href":"https:\/\/www.sudoestehoje.com.br\/novoportal\/wp-json\/wp\/v2\/posts\/119071\/revisions\/119073"}],"wp:featuredmedia":[{"embeddable":true,"href":"https:\/\/www.sudoestehoje.com.br\/novoportal\/wp-json\/wp\/v2\/media\/119072"}],"wp:attachment":[{"href":"https:\/\/www.sudoestehoje.com.br\/novoportal\/wp-json\/wp\/v2\/media?parent=119071"}],"wp:term":[{"taxonomy":"category","embeddable":true,"href":"https:\/\/www.sudoestehoje.com.br\/novoportal\/wp-json\/wp\/v2\/categories?post=119071"},{"taxonomy":"post_tag","embeddable":true,"href":"https:\/\/www.sudoestehoje.com.br\/novoportal\/wp-json\/wp\/v2\/tags?post=119071"}],"curies":[{"name":"wp","href":"https:\/\/api.w.org\/{rel}","templated":true}]}}