
{"id":119067,"date":"2024-09-17T10:37:18","date_gmt":"2024-09-17T13:37:18","guid":{"rendered":"https:\/\/www.sudoestehoje.com.br\/novoportal\/?p=119067"},"modified":"2024-09-17T10:37:18","modified_gmt":"2024-09-17T13:37:18","slug":"regiao-professores-da-uesb-aprovam-estado-de-greve-em-assembleia","status":"publish","type":"post","link":"https:\/\/www.sudoestehoje.com.br\/novoportal\/2024\/09\/17\/regiao-professores-da-uesb-aprovam-estado-de-greve-em-assembleia\/","title":{"rendered":"REGI\u00c3O | PROFESSORES DA UESB APROVAM ESTADO DE GREVE EM ASSEMBLEIA"},"content":{"rendered":"<p><strong><em>Decis\u00e3o foi tomada ap\u00f3s assembleia com 73 votos a favor, pr\u00f3xima reuni\u00e3o com representantes do governo est\u00e1 marcada para quinta-feira (19)<\/em><\/strong><\/p>\n<p><img loading=\"lazy\" decoding=\"async\" class=\"alignnone  wp-image-119068\" src=\"https:\/\/www.sudoestehoje.com.br\/novoportal\/wp-content\/uploads\/2024\/09\/WhatsApp-Image-2024-09-17-at-08.41.23-600x453.jpeg\" alt=\"\" width=\"551\" height=\"416\" srcset=\"https:\/\/www.sudoestehoje.com.br\/novoportal\/wp-content\/uploads\/2024\/09\/WhatsApp-Image-2024-09-17-at-08.41.23-600x453.jpeg 600w, https:\/\/www.sudoestehoje.com.br\/novoportal\/wp-content\/uploads\/2024\/09\/WhatsApp-Image-2024-09-17-at-08.41.23.jpeg 700w\" sizes=\"auto, (max-width: 551px) 100vw, 551px\" \/><\/p>\n<p><strong>Na tarde desta segunda-feira (16), a Associa\u00e7\u00e3o dos Docentes da Universidade Estadual do Sudoeste da Bahia (ADUSB) realizou uma assembleia em que foi aprovado o estado de greve. A decis\u00e3o veio ap\u00f3s uma vota\u00e7\u00e3o em que 73 docentes votaram a favor da medida, 4 foram contr\u00e1rios e 7 se abstiveram.<\/strong><\/p>\n<p><strong>A vota\u00e7\u00e3o teve dois momentos: o primeiro foi para votar a deflagra\u00e7\u00e3o da greve imediata, que foi recusada pela maioria, com 75 votos contr\u00e1rios. E o segundo momento foi a vota\u00e7\u00e3o do estado de greve.<\/strong><\/p>\n<p><strong>O estado de greve \u00e9 uma medida preliminar, indicando que os docentes poder\u00e3o paralisar as atividades caso as negocia\u00e7\u00f5es com o governo estadual n\u00e3o avancem. A medida ser\u00e1 v\u00e1lida at\u00e9 a pr\u00f3xima segunda-feira (23), quando uma nova assembleia ser\u00e1 realizada no campus de Itapetinga, onde ser\u00e1 decidida a poss\u00edvel deflagra\u00e7\u00e3o da greve. \/\/ Blog do Rodrigo Ferraz<\/strong><\/p>\n","protected":false},"excerpt":{"rendered":"<p>Decis\u00e3o foi tomada ap\u00f3s assembleia com 73 votos a favor, pr\u00f3xima reuni\u00e3o com representantes do governo est\u00e1 marcada para quinta-feira (19) Na tarde desta segunda-feira (16), a Associa\u00e7\u00e3o dos Docentes da Universidade Estadual do Sudoeste da Bahia (ADUSB) realizou uma assembleia em que foi aprovado o estado de greve. A decis\u00e3o veio ap\u00f3s uma vota\u00e7\u00e3o [&hellip;]<\/p>\n","protected":false},"author":2,"featured_media":119068,"comment_status":"closed","ping_status":"open","sticky":false,"template":"","format":"standard","meta":{"footnotes":"","_links_to":"","_links_to_target":""},"categories":[1],"tags":[],"class_list":["post-119067","post","type-post","status-publish","format-standard","has-post-thumbnail","hentry","category-geral"],"views":654,"_links":{"self":[{"href":"https:\/\/www.sudoestehoje.com.br\/novoportal\/wp-json\/wp\/v2\/posts\/119067","targetHints":{"allow":["GET"]}}],"collection":[{"href":"https:\/\/www.sudoestehoje.com.br\/novoportal\/wp-json\/wp\/v2\/posts"}],"about":[{"href":"https:\/\/www.sudoestehoje.com.br\/novoportal\/wp-json\/wp\/v2\/types\/post"}],"author":[{"embeddable":true,"href":"https:\/\/www.sudoestehoje.com.br\/novoportal\/wp-json\/wp\/v2\/users\/2"}],"replies":[{"embeddable":true,"href":"https:\/\/www.sudoestehoje.com.br\/novoportal\/wp-json\/wp\/v2\/comments?post=119067"}],"version-history":[{"count":1,"href":"https:\/\/www.sudoestehoje.com.br\/novoportal\/wp-json\/wp\/v2\/posts\/119067\/revisions"}],"predecessor-version":[{"id":119069,"href":"https:\/\/www.sudoestehoje.com.br\/novoportal\/wp-json\/wp\/v2\/posts\/119067\/revisions\/119069"}],"wp:featuredmedia":[{"embeddable":true,"href":"https:\/\/www.sudoestehoje.com.br\/novoportal\/wp-json\/wp\/v2\/media\/119068"}],"wp:attachment":[{"href":"https:\/\/www.sudoestehoje.com.br\/novoportal\/wp-json\/wp\/v2\/media?parent=119067"}],"wp:term":[{"taxonomy":"category","embeddable":true,"href":"https:\/\/www.sudoestehoje.com.br\/novoportal\/wp-json\/wp\/v2\/categories?post=119067"},{"taxonomy":"post_tag","embeddable":true,"href":"https:\/\/www.sudoestehoje.com.br\/novoportal\/wp-json\/wp\/v2\/tags?post=119067"}],"curies":[{"name":"wp","href":"https:\/\/api.w.org\/{rel}","templated":true}]}}