
{"id":119058,"date":"2024-09-16T07:01:49","date_gmt":"2024-09-16T10:01:49","guid":{"rendered":"https:\/\/www.sudoestehoje.com.br\/novoportal\/?p=119058"},"modified":"2024-09-16T07:13:08","modified_gmt":"2024-09-16T10:13:08","slug":"itapetinga-oposicao-recebe-governador-em-movimento-abaixo-da-expectativa","status":"publish","type":"post","link":"https:\/\/www.sudoestehoje.com.br\/novoportal\/2024\/09\/16\/itapetinga-oposicao-recebe-governador-em-movimento-abaixo-da-expectativa\/","title":{"rendered":"ITAPETINGA | OPOSI\u00c7\u00c3O RECEBE GOVERNADOR EM MOVIMENTO ABAIXO DA EXPECTATIVA"},"content":{"rendered":"<div id=\"attachment_119060\" style=\"width: 610px\" class=\"wp-caption alignnone\"><img loading=\"lazy\" decoding=\"async\" aria-describedby=\"caption-attachment-119060\" class=\"size-medium wp-image-119060\" src=\"https:\/\/www.sudoestehoje.com.br\/novoportal\/wp-content\/uploads\/2024\/09\/9570ed7f-5925-4670-98c8-1b9f7d4f079d-600x600.jpg\" alt=\"\" width=\"600\" height=\"600\" srcset=\"https:\/\/www.sudoestehoje.com.br\/novoportal\/wp-content\/uploads\/2024\/09\/9570ed7f-5925-4670-98c8-1b9f7d4f079d-600x600.jpg 600w, https:\/\/www.sudoestehoje.com.br\/novoportal\/wp-content\/uploads\/2024\/09\/9570ed7f-5925-4670-98c8-1b9f7d4f079d-700x700.jpg 700w, https:\/\/www.sudoestehoje.com.br\/novoportal\/wp-content\/uploads\/2024\/09\/9570ed7f-5925-4670-98c8-1b9f7d4f079d-150x150.jpg 150w, https:\/\/www.sudoestehoje.com.br\/novoportal\/wp-content\/uploads\/2024\/09\/9570ed7f-5925-4670-98c8-1b9f7d4f079d-768x768.jpg 768w, https:\/\/www.sudoestehoje.com.br\/novoportal\/wp-content\/uploads\/2024\/09\/9570ed7f-5925-4670-98c8-1b9f7d4f079d-1536x1536.jpg 1536w, https:\/\/www.sudoestehoje.com.br\/novoportal\/wp-content\/uploads\/2024\/09\/9570ed7f-5925-4670-98c8-1b9f7d4f079d.jpg 1599w\" sizes=\"auto, (max-width: 600px) 100vw, 600px\" \/><p id=\"caption-attachment-119060\" class=\"wp-caption-text\"><em><strong>COMPARA\u00c7\u00c3O ENTRE OS EVENTOS DE EDUARDO HAGGE E O DE CIDA MOU NESTE FINAL DE SEMANA<\/strong><\/em><\/p><\/div>\n<p><strong>Tida como uma esp\u00e9cie de &#8216;carta na manga&#8217; pela candidata a prefeita de Itapetinga, Cida Moura (PSD), a vinda do governador Jer\u00f4nimo, na noite deste domingo (15), acabou frustrando todas as expectativas, devido \u00e0 baixa ades\u00e3o da popula\u00e7\u00e3o local, ao evento promovido pela candidata e seus aliados<\/strong>.<\/p>\n<p><strong>Receosos de um eventual fracasso, os organizadores do evento tomaram algumas precau\u00e7\u00f5es para garantir o sucesso do movimento, contratando milit\u00e2ncia, quantidade excessiva de pared\u00f5es e refor\u00e7o das cidades da regi\u00e3o, atrav\u00e9s dos prefeitos governistas que acompanharam a comitiva do governador, com \u00f4nibus recheados de jovens militantes, o que acabou n\u00e3o sendo suficiente para &#8216;turbinar&#8217; o evento e &#8216;mostrar for\u00e7a&#8217; \u00e0s lideran\u00e7as estaduais e regionais presentes, como pretendia. <\/strong><\/p>\n<p><strong>O PAR\u00c2METRO FOI A CONCENTRA\u00c7\u00c3O NA LAGOA<\/strong><\/p>\n<p><strong>Como era de se esperar, a candidata Cida Moura precisava superar o movimento do candidato advers\u00e1rio Eduardo Hagge (MDB), que na v\u00e9spera havia realizado uma grande caminhada no bairro Am\u00e9rico Nogueira, com enorme concentra\u00e7\u00e3o do Parque da Lagoa, o que acabou se transformando em um enorme fiasco, com o governador discursando para uma plateia minguada, numa Lagoa esvaziada, dispersa e sem empolga\u00e7\u00e3o da pequena milit\u00e2ncia presente.<\/strong><\/p>\n<p><strong>COMPARA\u00c7\u00c3O FOI INEVIT\u00c1VEL<\/strong><\/p>\n<p><strong>Ainda durante o evento, as redes sociais n\u00e3o perdoaram o movimento fraco da oposi\u00e7\u00e3o e passaram a fazer compara\u00e7\u00f5es com a evento anterior do candidato Eduardo Hagge, atrav\u00e9s de fotos tiradas por drones, o que acabou virando &#8216;memes&#8217;, divertindo as redes e animando os advers\u00e1rios de Cida Moura.<\/strong><\/p>\n<p><strong>Ficou devendo, e muito&#8230;<\/strong><\/p>\n<p><strong>Por Davi Ferraz<\/strong><\/p>\n","protected":false},"excerpt":{"rendered":"<p>Tida como uma esp\u00e9cie de &#8216;carta na manga&#8217; pela candidata a prefeita de Itapetinga, Cida Moura (PSD), a vinda do governador Jer\u00f4nimo, na noite deste domingo (15), acabou frustrando todas as expectativas, devido \u00e0 baixa ades\u00e3o da popula\u00e7\u00e3o local, ao evento promovido pela candidata e seus aliados. Receosos de um eventual fracasso, os organizadores do [&hellip;]<\/p>\n","protected":false},"author":2,"featured_media":119060,"comment_status":"closed","ping_status":"open","sticky":false,"template":"","format":"standard","meta":{"footnotes":"","_links_to":"","_links_to_target":""},"categories":[1],"tags":[],"class_list":["post-119058","post","type-post","status-publish","format-standard","has-post-thumbnail","hentry","category-geral"],"views":2713,"_links":{"self":[{"href":"https:\/\/www.sudoestehoje.com.br\/novoportal\/wp-json\/wp\/v2\/posts\/119058","targetHints":{"allow":["GET"]}}],"collection":[{"href":"https:\/\/www.sudoestehoje.com.br\/novoportal\/wp-json\/wp\/v2\/posts"}],"about":[{"href":"https:\/\/www.sudoestehoje.com.br\/novoportal\/wp-json\/wp\/v2\/types\/post"}],"author":[{"embeddable":true,"href":"https:\/\/www.sudoestehoje.com.br\/novoportal\/wp-json\/wp\/v2\/users\/2"}],"replies":[{"embeddable":true,"href":"https:\/\/www.sudoestehoje.com.br\/novoportal\/wp-json\/wp\/v2\/comments?post=119058"}],"version-history":[{"count":3,"href":"https:\/\/www.sudoestehoje.com.br\/novoportal\/wp-json\/wp\/v2\/posts\/119058\/revisions"}],"predecessor-version":[{"id":119062,"href":"https:\/\/www.sudoestehoje.com.br\/novoportal\/wp-json\/wp\/v2\/posts\/119058\/revisions\/119062"}],"wp:featuredmedia":[{"embeddable":true,"href":"https:\/\/www.sudoestehoje.com.br\/novoportal\/wp-json\/wp\/v2\/media\/119060"}],"wp:attachment":[{"href":"https:\/\/www.sudoestehoje.com.br\/novoportal\/wp-json\/wp\/v2\/media?parent=119058"}],"wp:term":[{"taxonomy":"category","embeddable":true,"href":"https:\/\/www.sudoestehoje.com.br\/novoportal\/wp-json\/wp\/v2\/categories?post=119058"},{"taxonomy":"post_tag","embeddable":true,"href":"https:\/\/www.sudoestehoje.com.br\/novoportal\/wp-json\/wp\/v2\/tags?post=119058"}],"curies":[{"name":"wp","href":"https:\/\/api.w.org\/{rel}","templated":true}]}}