
{"id":11905,"date":"2012-01-09T21:57:22","date_gmt":"2012-01-10T00:57:22","guid":{"rendered":"http:\/\/www.sudoestehoje.com.br\/novoportal\/?p=11905"},"modified":"2012-01-09T21:57:22","modified_gmt":"2012-01-10T00:57:22","slug":"itapetinga-definida-data-da-exposicao-agropecuaria-2012","status":"publish","type":"post","link":"https:\/\/www.sudoestehoje.com.br\/novoportal\/2012\/01\/09\/itapetinga-definida-data-da-exposicao-agropecuaria-2012\/","title":{"rendered":"ITAPETINGA: DEFINIDA DATA DA EXPOSI\u00c7\u00c3O AGROPECU\u00c1RIA 2012"},"content":{"rendered":"<p style=\"text-align: center;\"><img decoding=\"async\" src=\"http:\/\/www.sudoestehoje.com.br\/novoportal\/wp-content\/uploads\/2011\/05\/100_5379-500x375.jpg\" alt=\"\" \/><\/p>\n<p style=\"text-align: center;\"><em><strong>Diretoria do Sindicato Rural de Itapetinga durante a exp\u00f4-2011<\/strong><\/em><\/p>\n<p>ITAPETINGA: O presidente do Sindicato Rural de Itapetinga, Henrique Brugni (foto), j\u00e1 revelou a data da 42\u00aa Exposi\u00e7\u00e3o Agropecu\u00e1ria do munic\u00edpio, considerada um dos eventos mais importantes da regi\u00e3o Sudoeste.<\/p>\n<p>A o evento vai acontecer no per\u00edodo de 29 de maio a 03 de junho. <em>\u201cVai come\u00e7ar numa ter\u00e7a-feira, da\u00ed teremos mais tempo de realizarmos mais neg\u00f3cios e consequentemente ser\u00e1 um momento muito especial para a cidade e regi\u00e3o\u201d<\/em>, destacou Bruni. Informa\u00e7\u00f5es do <em>Blog da<\/em> <em>Resenha Geral.<\/em><\/p>\n","protected":false},"excerpt":{"rendered":"<p>Diretoria do Sindicato Rural de Itapetinga durante a exp\u00f4-2011 ITAPETINGA: O presidente do Sindicato Rural de Itapetinga, Henrique Brugni (foto), j\u00e1 revelou a data da 42\u00aa Exposi\u00e7\u00e3o Agropecu\u00e1ria do munic\u00edpio, considerada um dos eventos mais importantes da regi\u00e3o Sudoeste. A o evento vai acontecer no per\u00edodo de 29 de maio a 03 de junho. \u201cVai [&hellip;]<\/p>\n","protected":false},"author":2,"featured_media":0,"comment_status":"open","ping_status":"open","sticky":false,"template":"","format":"standard","meta":{"footnotes":"","_links_to":"","_links_to_target":""},"categories":[1],"tags":[],"class_list":["post-11905","post","type-post","status-publish","format-standard","hentry","category-geral"],"views":2280,"_links":{"self":[{"href":"https:\/\/www.sudoestehoje.com.br\/novoportal\/wp-json\/wp\/v2\/posts\/11905","targetHints":{"allow":["GET"]}}],"collection":[{"href":"https:\/\/www.sudoestehoje.com.br\/novoportal\/wp-json\/wp\/v2\/posts"}],"about":[{"href":"https:\/\/www.sudoestehoje.com.br\/novoportal\/wp-json\/wp\/v2\/types\/post"}],"author":[{"embeddable":true,"href":"https:\/\/www.sudoestehoje.com.br\/novoportal\/wp-json\/wp\/v2\/users\/2"}],"replies":[{"embeddable":true,"href":"https:\/\/www.sudoestehoje.com.br\/novoportal\/wp-json\/wp\/v2\/comments?post=11905"}],"version-history":[{"count":4,"href":"https:\/\/www.sudoestehoje.com.br\/novoportal\/wp-json\/wp\/v2\/posts\/11905\/revisions"}],"predecessor-version":[{"id":11909,"href":"https:\/\/www.sudoestehoje.com.br\/novoportal\/wp-json\/wp\/v2\/posts\/11905\/revisions\/11909"}],"wp:attachment":[{"href":"https:\/\/www.sudoestehoje.com.br\/novoportal\/wp-json\/wp\/v2\/media?parent=11905"}],"wp:term":[{"taxonomy":"category","embeddable":true,"href":"https:\/\/www.sudoestehoje.com.br\/novoportal\/wp-json\/wp\/v2\/categories?post=11905"},{"taxonomy":"post_tag","embeddable":true,"href":"https:\/\/www.sudoestehoje.com.br\/novoportal\/wp-json\/wp\/v2\/tags?post=11905"}],"curies":[{"name":"wp","href":"https:\/\/api.w.org\/{rel}","templated":true}]}}