
{"id":119015,"date":"2024-09-12T09:16:34","date_gmt":"2024-09-12T12:16:34","guid":{"rendered":"https:\/\/www.sudoestehoje.com.br\/novoportal\/?p=119015"},"modified":"2024-09-12T09:18:50","modified_gmt":"2024-09-12T12:18:50","slug":"eleicoes-conheca-o-candidato-a-vereador-pelo-pdt-danilo-caboclo-da-saude","status":"publish","type":"post","link":"https:\/\/www.sudoestehoje.com.br\/novoportal\/2024\/09\/12\/eleicoes-conheca-o-candidato-a-vereador-pelo-pdt-danilo-caboclo-da-saude\/","title":{"rendered":"ELEI\u00c7\u00d5ES | CONHE\u00c7A O CANDIDATO A VEREADOR PELO PDT, DANILO CABOCLO DA SA\u00daDE"},"content":{"rendered":"<p><img loading=\"lazy\" decoding=\"async\" class=\"alignnone wp-image-119019\" src=\"https:\/\/www.sudoestehoje.com.br\/novoportal\/wp-content\/uploads\/2024\/09\/f274d14e-f0dc-4424-9dfe-01829710a6fc-600x557.jpg\" alt=\"\" width=\"549\" height=\"510\" srcset=\"https:\/\/www.sudoestehoje.com.br\/novoportal\/wp-content\/uploads\/2024\/09\/f274d14e-f0dc-4424-9dfe-01829710a6fc-600x557.jpg 600w, https:\/\/www.sudoestehoje.com.br\/novoportal\/wp-content\/uploads\/2024\/09\/f274d14e-f0dc-4424-9dfe-01829710a6fc-700x650.jpg 700w, https:\/\/www.sudoestehoje.com.br\/novoportal\/wp-content\/uploads\/2024\/09\/f274d14e-f0dc-4424-9dfe-01829710a6fc-768x713.jpg 768w, https:\/\/www.sudoestehoje.com.br\/novoportal\/wp-content\/uploads\/2024\/09\/f274d14e-f0dc-4424-9dfe-01829710a6fc.jpg 970w\" sizes=\"auto, (max-width: 549px) 100vw, 549px\" \/><\/p>\n<p><strong>Danilo t\u00eam 14 anos de vida p\u00fablica como agente de sa\u00fade no munic\u00edpio de Itapetinga, e sempre buscou cuidar de todos com muito respeito e humanidade, tratando cada pessoa como se fosse da sua pr\u00f3pria fam\u00edlia.<\/strong><\/p>\n<p><strong>Danilo caboclo \u00e9 um profissional dedicado que coloca a sociedade em primeiro lugar. Trabalha incansavelmente para promover a sa\u00fade e ajudar tanto o homem do campo quanto o da cidade.<\/strong><\/p>\n<p><strong>Danilo \u00e9 uma inspira\u00e7\u00e3o. Um jovem que lutou para chegar onde est\u00e1 hoje. \u00c9 bi\u00f3logo, formado pela UESB, e funcion\u00e1rio p\u00fablico &#8211; agente de sa\u00fade. Ele \u00e9 a prova de que, com muito esfor\u00e7o, podemos mudar nossa hist\u00f3ria.<\/strong><\/p>\n<p><img loading=\"lazy\" decoding=\"async\" class=\"alignnone wp-image-119018\" src=\"https:\/\/www.sudoestehoje.com.br\/novoportal\/wp-content\/uploads\/2024\/09\/c8fddfba-bdfe-4ada-b9f5-7714711ee0c8-600x690.jpg\" alt=\"\" width=\"549\" height=\"631\" srcset=\"https:\/\/www.sudoestehoje.com.br\/novoportal\/wp-content\/uploads\/2024\/09\/c8fddfba-bdfe-4ada-b9f5-7714711ee0c8-600x690.jpg 600w, https:\/\/www.sudoestehoje.com.br\/novoportal\/wp-content\/uploads\/2024\/09\/c8fddfba-bdfe-4ada-b9f5-7714711ee0c8-700x805.jpg 700w, https:\/\/www.sudoestehoje.com.br\/novoportal\/wp-content\/uploads\/2024\/09\/c8fddfba-bdfe-4ada-b9f5-7714711ee0c8-768x884.jpg 768w, https:\/\/www.sudoestehoje.com.br\/novoportal\/wp-content\/uploads\/2024\/09\/c8fddfba-bdfe-4ada-b9f5-7714711ee0c8.jpg 970w\" sizes=\"auto, (max-width: 549px) 100vw, 549px\" \/><\/p>\n<p><strong>Durante a pandemia de COVID-19, Danilo atuou na linha de frente, colocando-se totalmente \u00e0 disposi\u00e7\u00e3o da sociedade de Itapetinga.<\/strong><\/p>\n<p><strong>Na \u00e9poca das enchentes em Itapetinga, ele estava l\u00e1, salvando vidas, entrando nas \u00e1guas e resgatando tanto pessoas quanto animais, porque toda vida importa. <\/strong><\/p>\n<p><strong>Danilo apoia a candidatura de Eduardo Hagge (MDB) para prefeito de Itapetinga e tem \u00f3tima cota\u00e7\u00e3o no seu partido, o PDT.\/\/Ascom<\/strong><\/p>\n","protected":false},"excerpt":{"rendered":"<p>Danilo t\u00eam 14 anos de vida p\u00fablica como agente de sa\u00fade no munic\u00edpio de Itapetinga, e sempre buscou cuidar de todos com muito respeito e humanidade, tratando cada pessoa como se fosse da sua pr\u00f3pria fam\u00edlia. Danilo caboclo \u00e9 um profissional dedicado que coloca a sociedade em primeiro lugar. Trabalha incansavelmente para promover a sa\u00fade [&hellip;]<\/p>\n","protected":false},"author":2,"featured_media":119019,"comment_status":"closed","ping_status":"open","sticky":false,"template":"","format":"standard","meta":{"footnotes":"","_links_to":"","_links_to_target":""},"categories":[1],"tags":[],"class_list":["post-119015","post","type-post","status-publish","format-standard","has-post-thumbnail","hentry","category-geral"],"views":790,"_links":{"self":[{"href":"https:\/\/www.sudoestehoje.com.br\/novoportal\/wp-json\/wp\/v2\/posts\/119015","targetHints":{"allow":["GET"]}}],"collection":[{"href":"https:\/\/www.sudoestehoje.com.br\/novoportal\/wp-json\/wp\/v2\/posts"}],"about":[{"href":"https:\/\/www.sudoestehoje.com.br\/novoportal\/wp-json\/wp\/v2\/types\/post"}],"author":[{"embeddable":true,"href":"https:\/\/www.sudoestehoje.com.br\/novoportal\/wp-json\/wp\/v2\/users\/2"}],"replies":[{"embeddable":true,"href":"https:\/\/www.sudoestehoje.com.br\/novoportal\/wp-json\/wp\/v2\/comments?post=119015"}],"version-history":[{"count":5,"href":"https:\/\/www.sudoestehoje.com.br\/novoportal\/wp-json\/wp\/v2\/posts\/119015\/revisions"}],"predecessor-version":[{"id":119022,"href":"https:\/\/www.sudoestehoje.com.br\/novoportal\/wp-json\/wp\/v2\/posts\/119015\/revisions\/119022"}],"wp:featuredmedia":[{"embeddable":true,"href":"https:\/\/www.sudoestehoje.com.br\/novoportal\/wp-json\/wp\/v2\/media\/119019"}],"wp:attachment":[{"href":"https:\/\/www.sudoestehoje.com.br\/novoportal\/wp-json\/wp\/v2\/media?parent=119015"}],"wp:term":[{"taxonomy":"category","embeddable":true,"href":"https:\/\/www.sudoestehoje.com.br\/novoportal\/wp-json\/wp\/v2\/categories?post=119015"},{"taxonomy":"post_tag","embeddable":true,"href":"https:\/\/www.sudoestehoje.com.br\/novoportal\/wp-json\/wp\/v2\/tags?post=119015"}],"curies":[{"name":"wp","href":"https:\/\/api.w.org\/{rel}","templated":true}]}}