
{"id":119000,"date":"2024-09-11T16:59:10","date_gmt":"2024-09-11T19:59:10","guid":{"rendered":"https:\/\/www.sudoestehoje.com.br\/novoportal\/?p=119000"},"modified":"2024-09-11T17:22:09","modified_gmt":"2024-09-11T20:22:09","slug":"eleicoes-justica-eleitoral-nega-pedido-de-cida-moura-para-impedir-evento-fest-grau-no-parque-de-exposicoes","status":"publish","type":"post","link":"https:\/\/www.sudoestehoje.com.br\/novoportal\/2024\/09\/11\/eleicoes-justica-eleitoral-nega-pedido-de-cida-moura-para-impedir-evento-fest-grau-no-parque-de-exposicoes\/","title":{"rendered":"ELEI\u00c7\u00d5ES | JUSTI\u00c7A ELEITORAL NEGA PEDIDO DE CIDA MOURA PARA IMPEDIR EVENTO &#8216;FEST GRAU&#8217; NO PARQUE DE EXPOSI\u00c7\u00d5ES"},"content":{"rendered":"<p><img loading=\"lazy\" decoding=\"async\" class=\"alignnone size-medium wp-image-119003\" src=\"https:\/\/www.sudoestehoje.com.br\/novoportal\/wp-content\/uploads\/2024\/09\/eee2c629-8bd1-468c-a5db-838fa33003ad-468x800.jpg\" alt=\"\" width=\"468\" height=\"800\" srcset=\"https:\/\/www.sudoestehoje.com.br\/novoportal\/wp-content\/uploads\/2024\/09\/eee2c629-8bd1-468c-a5db-838fa33003ad-468x800.jpg 468w, https:\/\/www.sudoestehoje.com.br\/novoportal\/wp-content\/uploads\/2024\/09\/eee2c629-8bd1-468c-a5db-838fa33003ad-585x1000.jpg 585w, https:\/\/www.sudoestehoje.com.br\/novoportal\/wp-content\/uploads\/2024\/09\/eee2c629-8bd1-468c-a5db-838fa33003ad-768x1314.jpg 768w, https:\/\/www.sudoestehoje.com.br\/novoportal\/wp-content\/uploads\/2024\/09\/eee2c629-8bd1-468c-a5db-838fa33003ad.jpg 819w\" sizes=\"auto, (max-width: 468px) 100vw, 468px\" \/><\/p>\n<p><strong><em>Reda\u00e7\u00e3o SH<\/em><\/strong><\/p>\n<p><strong>Alegando um suposto descumprimento de um &#8216;acordo pr\u00e9vio&#8217; entre as coliga\u00e7\u00f5es que disputam as elei\u00e7\u00f5es municipais em Itapetinga, visando a n\u00e3o coincid\u00eancia de eventos eleitorais nos dias da campanha, a coliga\u00e7\u00e3o que representa a candidata Cida Moura ingressou na Justi\u00e7a Eleitoral pedindo o cancelamento do esquenta do tradicional evento de motos &#8216;Fest Grau&#8217;, no Parque de Exposi\u00e7\u00f5es, em Itapetinga, previsto para o pr\u00f3ximo domingo, promovido pelo pastor Evandro, anualmente.<\/strong><\/p>\n<p><strong>Na representa\u00e7\u00e3o, a coliga\u00e7\u00e3o da candidata Cida Moura alega que, na mesma data e hor\u00e1rio, estar\u00e1 realizando uma caminhada eleitoral em outro local na cidade, com a presen\u00e7a do governador Jer\u00f4nimo Rodrigues, e que o evento do pastor Evandro poderia competir e atrapalhar sua programa\u00e7\u00e3o, solicitando medida limitar proibitiva \u00e0 realiza\u00e7\u00e3o do FEST GRAU, no Parque de Exposi\u00e7\u00f5es.<\/strong><\/p>\n<p><strong>Ao analisar as insensatas alega\u00e7\u00f5es da candidata, a ju\u00edza eleitoral da 14\u00aa Zona Eleitoral negou o pedido liminar de tutela antecipada e INDEFERIU o cancelamento do Fest Grau, garantindo a sua realiza\u00e7\u00e3o no dia e hora marcados, por entender que o pastor Evandro n\u00e3o participou de nenhum &#8216;acordo pr\u00e9vio&#8217;, que s\u00f3 diz respeito \u00e0s coliga\u00e7\u00f5es, dentre outras raz\u00f5es legais.<\/strong><\/p>\n<p><img loading=\"lazy\" decoding=\"async\" class=\"alignnone wp-image-119004\" src=\"https:\/\/www.sudoestehoje.com.br\/novoportal\/wp-content\/uploads\/2024\/09\/142da791-6570-4b6e-9891-61d202689bcc-600x800.jpg\" alt=\"\" width=\"549\" height=\"732\" srcset=\"https:\/\/www.sudoestehoje.com.br\/novoportal\/wp-content\/uploads\/2024\/09\/142da791-6570-4b6e-9891-61d202689bcc-600x800.jpg 600w, https:\/\/www.sudoestehoje.com.br\/novoportal\/wp-content\/uploads\/2024\/09\/142da791-6570-4b6e-9891-61d202689bcc-700x934.jpg 700w, https:\/\/www.sudoestehoje.com.br\/novoportal\/wp-content\/uploads\/2024\/09\/142da791-6570-4b6e-9891-61d202689bcc-768x1025.jpg 768w, https:\/\/www.sudoestehoje.com.br\/novoportal\/wp-content\/uploads\/2024\/09\/142da791-6570-4b6e-9891-61d202689bcc.jpg 957w\" sizes=\"auto, (max-width: 549px) 100vw, 549px\" \/><\/p>\n<p><strong>A representa\u00e7\u00e3o eleitoral de Cida Moura tamb\u00e9m incluiu, no polo passivo, o prefeito Rodrigo Hagge, pelo simples fato de ter autorizado a realiza\u00e7\u00e3o evento. Veja decis\u00e3o:<\/strong><\/p>\n<p><span style=\"color: #0000ff;\"><strong><a style=\"color: #0000ff;\" href=\"https:\/\/www.sudoestehoje.com.br\/novoportal\/wp-content\/uploads\/2024\/09\/Pje-0600352-87.2024.6.05.0140.pdf\">CONFIRA PEDIDO E DECIS\u00c3O JUDICIAL<\/a><\/strong><\/span><\/p>\n","protected":false},"excerpt":{"rendered":"<p>Reda\u00e7\u00e3o SH Alegando um suposto descumprimento de um &#8216;acordo pr\u00e9vio&#8217; entre as coliga\u00e7\u00f5es que disputam as elei\u00e7\u00f5es municipais em Itapetinga, visando a n\u00e3o coincid\u00eancia de eventos eleitorais nos dias da campanha, a coliga\u00e7\u00e3o que representa a candidata Cida Moura ingressou na Justi\u00e7a Eleitoral pedindo o cancelamento do esquenta do tradicional evento de motos &#8216;Fest Grau&#8217;, [&hellip;]<\/p>\n","protected":false},"author":2,"featured_media":119003,"comment_status":"closed","ping_status":"open","sticky":false,"template":"","format":"standard","meta":{"footnotes":"","_links_to":"","_links_to_target":""},"categories":[1],"tags":[],"class_list":["post-119000","post","type-post","status-publish","format-standard","has-post-thumbnail","hentry","category-geral"],"views":1409,"_links":{"self":[{"href":"https:\/\/www.sudoestehoje.com.br\/novoportal\/wp-json\/wp\/v2\/posts\/119000","targetHints":{"allow":["GET"]}}],"collection":[{"href":"https:\/\/www.sudoestehoje.com.br\/novoportal\/wp-json\/wp\/v2\/posts"}],"about":[{"href":"https:\/\/www.sudoestehoje.com.br\/novoportal\/wp-json\/wp\/v2\/types\/post"}],"author":[{"embeddable":true,"href":"https:\/\/www.sudoestehoje.com.br\/novoportal\/wp-json\/wp\/v2\/users\/2"}],"replies":[{"embeddable":true,"href":"https:\/\/www.sudoestehoje.com.br\/novoportal\/wp-json\/wp\/v2\/comments?post=119000"}],"version-history":[{"count":5,"href":"https:\/\/www.sudoestehoje.com.br\/novoportal\/wp-json\/wp\/v2\/posts\/119000\/revisions"}],"predecessor-version":[{"id":119008,"href":"https:\/\/www.sudoestehoje.com.br\/novoportal\/wp-json\/wp\/v2\/posts\/119000\/revisions\/119008"}],"wp:featuredmedia":[{"embeddable":true,"href":"https:\/\/www.sudoestehoje.com.br\/novoportal\/wp-json\/wp\/v2\/media\/119003"}],"wp:attachment":[{"href":"https:\/\/www.sudoestehoje.com.br\/novoportal\/wp-json\/wp\/v2\/media?parent=119000"}],"wp:term":[{"taxonomy":"category","embeddable":true,"href":"https:\/\/www.sudoestehoje.com.br\/novoportal\/wp-json\/wp\/v2\/categories?post=119000"},{"taxonomy":"post_tag","embeddable":true,"href":"https:\/\/www.sudoestehoje.com.br\/novoportal\/wp-json\/wp\/v2\/tags?post=119000"}],"curies":[{"name":"wp","href":"https:\/\/api.w.org\/{rel}","templated":true}]}}