
{"id":118977,"date":"2024-09-10T07:15:18","date_gmt":"2024-09-10T10:15:18","guid":{"rendered":"https:\/\/www.sudoestehoje.com.br\/novoportal\/?p=118977"},"modified":"2024-09-10T09:36:11","modified_gmt":"2024-09-10T12:36:11","slug":"prefeito-de-itororo-demite-servidores-por-manifestacao-de-apoio-politico-a-dr-adauto","status":"publish","type":"post","link":"https:\/\/www.sudoestehoje.com.br\/novoportal\/2024\/09\/10\/prefeito-de-itororo-demite-servidores-por-manifestacao-de-apoio-politico-a-dr-adauto\/","title":{"rendered":"PREFEITO DE ITOROR\u00d3 DEMITE SERVIDORES POR MANIFESTA\u00c7\u00c3O DE APOIO POL\u00cdTICO A DR. ADAUTO"},"content":{"rendered":"<p><img loading=\"lazy\" decoding=\"async\" class=\"alignnone wp-image-118979\" src=\"https:\/\/www.sudoestehoje.com.br\/novoportal\/wp-content\/uploads\/2024\/09\/IMG-20240321-WA0643-960x720-1-600x450-1.jpg\" alt=\"\" width=\"550\" height=\"344\" \/><\/p>\n<p><strong>E lei eleitoral pro\u00edbe taxativamente a demiss\u00e3o e a contrata\u00e7\u00e3o de servidores p\u00fablicos durante o prazo de 90 dias antes do pleito, 06 de julho, at\u00e9 a posse do eleito.<\/strong><\/p>\n<p><strong>Com a pol\u00edtica local fervendo, diversos servidores do munic\u00edpio compareceram ao Bate Papo das Mulheres do Avante, realizado na \u00faltima sexta feira, dia 06\/09, manifestando o seu apoio \u00e0 chapa formada por Dr. Adauto e Jo\u00e3o Brito.<\/strong><\/p>\n<p><strong>J\u00e1 na segunda feira, dia 09\/09, v\u00e1rios destes foram sumariamente demitidos da prefeitura, evidenciando o abuso de poder pol\u00edtico praticado pelo governo Paulo Rios em favor da sua candidata, Dra Luciana, do PT.<\/strong><\/p>\n<p><strong>Os funcion\u00e1rios demitidos ap\u00f3s o prazo determinado pela justi\u00e7a eleitoral j\u00e1 est\u00e3o se organizando para prestar den\u00fancia junto \u00e0 promotoria de justi\u00e7a da comarca para ado\u00e7\u00e3o das medidas cab\u00edveis.\/\/SH<\/strong><\/p>\n","protected":false},"excerpt":{"rendered":"<p>E lei eleitoral pro\u00edbe taxativamente a demiss\u00e3o e a contrata\u00e7\u00e3o de servidores p\u00fablicos durante o prazo de 90 dias antes do pleito, 06 de julho, at\u00e9 a posse do eleito. Com a pol\u00edtica local fervendo, diversos servidores do munic\u00edpio compareceram ao Bate Papo das Mulheres do Avante, realizado na \u00faltima sexta feira, dia 06\/09, manifestando [&hellip;]<\/p>\n","protected":false},"author":2,"featured_media":118979,"comment_status":"closed","ping_status":"open","sticky":false,"template":"","format":"standard","meta":{"footnotes":"","_links_to":"","_links_to_target":""},"categories":[1],"tags":[],"class_list":["post-118977","post","type-post","status-publish","format-standard","has-post-thumbnail","hentry","category-geral"],"views":2078,"_links":{"self":[{"href":"https:\/\/www.sudoestehoje.com.br\/novoportal\/wp-json\/wp\/v2\/posts\/118977","targetHints":{"allow":["GET"]}}],"collection":[{"href":"https:\/\/www.sudoestehoje.com.br\/novoportal\/wp-json\/wp\/v2\/posts"}],"about":[{"href":"https:\/\/www.sudoestehoje.com.br\/novoportal\/wp-json\/wp\/v2\/types\/post"}],"author":[{"embeddable":true,"href":"https:\/\/www.sudoestehoje.com.br\/novoportal\/wp-json\/wp\/v2\/users\/2"}],"replies":[{"embeddable":true,"href":"https:\/\/www.sudoestehoje.com.br\/novoportal\/wp-json\/wp\/v2\/comments?post=118977"}],"version-history":[{"count":3,"href":"https:\/\/www.sudoestehoje.com.br\/novoportal\/wp-json\/wp\/v2\/posts\/118977\/revisions"}],"predecessor-version":[{"id":118984,"href":"https:\/\/www.sudoestehoje.com.br\/novoportal\/wp-json\/wp\/v2\/posts\/118977\/revisions\/118984"}],"wp:featuredmedia":[{"embeddable":true,"href":"https:\/\/www.sudoestehoje.com.br\/novoportal\/wp-json\/wp\/v2\/media\/118979"}],"wp:attachment":[{"href":"https:\/\/www.sudoestehoje.com.br\/novoportal\/wp-json\/wp\/v2\/media?parent=118977"}],"wp:term":[{"taxonomy":"category","embeddable":true,"href":"https:\/\/www.sudoestehoje.com.br\/novoportal\/wp-json\/wp\/v2\/categories?post=118977"},{"taxonomy":"post_tag","embeddable":true,"href":"https:\/\/www.sudoestehoje.com.br\/novoportal\/wp-json\/wp\/v2\/tags?post=118977"}],"curies":[{"name":"wp","href":"https:\/\/api.w.org\/{rel}","templated":true}]}}