
{"id":118942,"date":"2024-09-06T08:20:55","date_gmt":"2024-09-06T11:20:55","guid":{"rendered":"https:\/\/www.sudoestehoje.com.br\/novoportal\/?p=118942"},"modified":"2024-09-06T08:20:55","modified_gmt":"2024-09-06T11:20:55","slug":"eleicoes-cdl-confirma-realizacao-de-debate-entre-candidatos-a-prefeito-de-itapetinga","status":"publish","type":"post","link":"https:\/\/www.sudoestehoje.com.br\/novoportal\/2024\/09\/06\/eleicoes-cdl-confirma-realizacao-de-debate-entre-candidatos-a-prefeito-de-itapetinga\/","title":{"rendered":"ELEI\u00c7\u00d5ES | CDL CONFIRMA REALIZA\u00c7\u00c3O DE DEBATE ENTRE CANDIDATOS A PREFEITO DE ITAPETINGA"},"content":{"rendered":"<div id=\"attachment_118946\" style=\"width: 560px\" class=\"wp-caption alignnone\"><img loading=\"lazy\" decoding=\"async\" aria-describedby=\"caption-attachment-118946\" class=\" wp-image-118946\" src=\"https:\/\/www.sudoestehoje.com.br\/novoportal\/wp-content\/uploads\/2024\/09\/WhatsApp-Image-logo-600x335.jpeg\" alt=\"\" width=\"550\" height=\"307\" srcset=\"https:\/\/www.sudoestehoje.com.br\/novoportal\/wp-content\/uploads\/2024\/09\/WhatsApp-Image-logo-600x335.jpeg 600w, https:\/\/www.sudoestehoje.com.br\/novoportal\/wp-content\/uploads\/2024\/09\/WhatsApp-Image-logo-700x391.jpeg 700w, https:\/\/www.sudoestehoje.com.br\/novoportal\/wp-content\/uploads\/2024\/09\/WhatsApp-Image-logo-768x429.jpeg 768w, https:\/\/www.sudoestehoje.com.br\/novoportal\/wp-content\/uploads\/2024\/09\/WhatsApp-Image-logo.jpeg 961w\" sizes=\"auto, (max-width: 550px) 100vw, 550px\" \/><p id=\"caption-attachment-118946\" class=\"wp-caption-text\"><em><strong>EM 2020 A CDL REALIZOU DEBATE COM OS CANDIDATOS A PREFEITO DE ITAPETINGA<\/strong><\/em><\/p><\/div>\n<p><strong>Em contato com a reda\u00e7\u00e3o do Sudoeste Hoje, a CDL de Itapetinga confirmou que vai promover debate entre os candidatos que disputam as elei\u00e7\u00f5es para\u00a0 prefeito em Itapetinga.<\/strong><\/p>\n<p><strong>De acordo com\u00a0 gerente da CDL, Eduardo Cardoso (Dudu), contatos com outras entidades para integrarem a equipe de organiza\u00e7\u00e3o do debate, cuja data e local dever\u00e3o ser divulgados na pr\u00f3xima semana.<\/strong><\/p>\n<p><strong>Segundo a CDL, os tr\u00eas candidatos a prefeito, Eduardo Hagge, Alfredo Cabral e Cida Moura, j\u00e1 foram formalmente convidados para participar do evento, expondo suas propostas para administrar o munic\u00edpio.<\/strong><\/p>\n<p><strong>Reda\u00e7\u00e3o SH\u00a0<\/strong><\/p>\n","protected":false},"excerpt":{"rendered":"<p>Em contato com a reda\u00e7\u00e3o do Sudoeste Hoje, a CDL de Itapetinga confirmou que vai promover debate entre os candidatos que disputam as elei\u00e7\u00f5es para\u00a0 prefeito em Itapetinga. De acordo com\u00a0 gerente da CDL, Eduardo Cardoso (Dudu), contatos com outras entidades para integrarem a equipe de organiza\u00e7\u00e3o do debate, cuja data e local dever\u00e3o ser [&hellip;]<\/p>\n","protected":false},"author":2,"featured_media":118946,"comment_status":"closed","ping_status":"open","sticky":false,"template":"","format":"standard","meta":{"footnotes":"","_links_to":"","_links_to_target":""},"categories":[1],"tags":[],"class_list":["post-118942","post","type-post","status-publish","format-standard","has-post-thumbnail","hentry","category-geral"],"views":172,"_links":{"self":[{"href":"https:\/\/www.sudoestehoje.com.br\/novoportal\/wp-json\/wp\/v2\/posts\/118942","targetHints":{"allow":["GET"]}}],"collection":[{"href":"https:\/\/www.sudoestehoje.com.br\/novoportal\/wp-json\/wp\/v2\/posts"}],"about":[{"href":"https:\/\/www.sudoestehoje.com.br\/novoportal\/wp-json\/wp\/v2\/types\/post"}],"author":[{"embeddable":true,"href":"https:\/\/www.sudoestehoje.com.br\/novoportal\/wp-json\/wp\/v2\/users\/2"}],"replies":[{"embeddable":true,"href":"https:\/\/www.sudoestehoje.com.br\/novoportal\/wp-json\/wp\/v2\/comments?post=118942"}],"version-history":[{"count":5,"href":"https:\/\/www.sudoestehoje.com.br\/novoportal\/wp-json\/wp\/v2\/posts\/118942\/revisions"}],"predecessor-version":[{"id":118948,"href":"https:\/\/www.sudoestehoje.com.br\/novoportal\/wp-json\/wp\/v2\/posts\/118942\/revisions\/118948"}],"wp:featuredmedia":[{"embeddable":true,"href":"https:\/\/www.sudoestehoje.com.br\/novoportal\/wp-json\/wp\/v2\/media\/118946"}],"wp:attachment":[{"href":"https:\/\/www.sudoestehoje.com.br\/novoportal\/wp-json\/wp\/v2\/media?parent=118942"}],"wp:term":[{"taxonomy":"category","embeddable":true,"href":"https:\/\/www.sudoestehoje.com.br\/novoportal\/wp-json\/wp\/v2\/categories?post=118942"},{"taxonomy":"post_tag","embeddable":true,"href":"https:\/\/www.sudoestehoje.com.br\/novoportal\/wp-json\/wp\/v2\/tags?post=118942"}],"curies":[{"name":"wp","href":"https:\/\/api.w.org\/{rel}","templated":true}]}}