
{"id":118908,"date":"2024-09-03T08:53:40","date_gmt":"2024-09-03T11:53:40","guid":{"rendered":"https:\/\/www.sudoestehoje.com.br\/novoportal\/?p=118908"},"modified":"2024-09-03T08:53:40","modified_gmt":"2024-09-03T11:53:40","slug":"gas-de-cozinha-volta-a-subir-na-bahia-reajuste-e-de-r-7-reais-por-botijao","status":"publish","type":"post","link":"https:\/\/www.sudoestehoje.com.br\/novoportal\/2024\/09\/03\/gas-de-cozinha-volta-a-subir-na-bahia-reajuste-e-de-r-7-reais-por-botijao\/","title":{"rendered":"G\u00c1S DE COZINHA VOLTA A SUBIR NA BAHIA; REAJUSTE \u00c9 DE R$ 7 REAIS POR BOTIJ\u00c3O"},"content":{"rendered":"<p><img loading=\"lazy\" decoding=\"async\" class=\"alignnone  wp-image-118909\" src=\"https:\/\/www.sudoestehoje.com.br\/novoportal\/wp-content\/uploads\/2024\/09\/gas_03at-9552294-600x400.jpg\" alt=\"\" width=\"551\" height=\"367\" srcset=\"https:\/\/www.sudoestehoje.com.br\/novoportal\/wp-content\/uploads\/2024\/09\/gas_03at-9552294-600x400.jpg 600w, https:\/\/www.sudoestehoje.com.br\/novoportal\/wp-content\/uploads\/2024\/09\/gas_03at-9552294-700x467.jpg 700w, https:\/\/www.sudoestehoje.com.br\/novoportal\/wp-content\/uploads\/2024\/09\/gas_03at-9552294-768x512.jpg 768w, https:\/\/www.sudoestehoje.com.br\/novoportal\/wp-content\/uploads\/2024\/09\/gas_03at-9552294.jpg 1200w\" sizes=\"auto, (max-width: 551px) 100vw, 551px\" \/><\/p>\n<p><strong>O pre\u00e7o do g\u00e1s de cozinha sofrer\u00e1 um novo reajuste em 2024. A partir desta quarta-feira (4), o aumento deve chegar a R$ 7 nas principais revendedoras. A informa\u00e7\u00e3o foi divulgada nesta segunda-feira (2), pelo Sindicato dos Revendedores de G\u00e1s do Estado da Bahia (Sinrevgas).\u00a0<\/strong><\/p>\n<p><strong>\u201cEsse reajuste acontecer\u00e1 em todo o territ\u00f3rio nacional, aqui no nosso estado ter\u00e1 um um impacto de aproximadamente R$7,00 em cima nos pre\u00e7os j\u00e1 praticados\u201d, informou o sindicato, em nota.\u00a0<\/strong><\/p>\n<p><strong>O Sindicato explica ainda que o valor se deve a um repasse que vem das refinarias. Em agosto, a Acelen, empresa respons\u00e1vel pela Refinaria de Mataripe, confirmou o aumento do pre\u00e7o do GLP (g\u00e1s de cozinha) em 2,8% para as distribuidoras. Segundo a empresa, o reajuste passou a vigorar a partir deste domingo (1).\u00a0<\/strong><\/p>\n","protected":false},"excerpt":{"rendered":"<p>O pre\u00e7o do g\u00e1s de cozinha sofrer\u00e1 um novo reajuste em 2024. A partir desta quarta-feira (4), o aumento deve chegar a R$ 7 nas principais revendedoras. A informa\u00e7\u00e3o foi divulgada nesta segunda-feira (2), pelo Sindicato dos Revendedores de G\u00e1s do Estado da Bahia (Sinrevgas).\u00a0 \u201cEsse reajuste acontecer\u00e1 em todo o territ\u00f3rio nacional, aqui no [&hellip;]<\/p>\n","protected":false},"author":2,"featured_media":118909,"comment_status":"closed","ping_status":"open","sticky":false,"template":"","format":"standard","meta":{"footnotes":"","_links_to":"","_links_to_target":""},"categories":[1],"tags":[],"class_list":["post-118908","post","type-post","status-publish","format-standard","has-post-thumbnail","hentry","category-geral"],"views":517,"_links":{"self":[{"href":"https:\/\/www.sudoestehoje.com.br\/novoportal\/wp-json\/wp\/v2\/posts\/118908","targetHints":{"allow":["GET"]}}],"collection":[{"href":"https:\/\/www.sudoestehoje.com.br\/novoportal\/wp-json\/wp\/v2\/posts"}],"about":[{"href":"https:\/\/www.sudoestehoje.com.br\/novoportal\/wp-json\/wp\/v2\/types\/post"}],"author":[{"embeddable":true,"href":"https:\/\/www.sudoestehoje.com.br\/novoportal\/wp-json\/wp\/v2\/users\/2"}],"replies":[{"embeddable":true,"href":"https:\/\/www.sudoestehoje.com.br\/novoportal\/wp-json\/wp\/v2\/comments?post=118908"}],"version-history":[{"count":2,"href":"https:\/\/www.sudoestehoje.com.br\/novoportal\/wp-json\/wp\/v2\/posts\/118908\/revisions"}],"predecessor-version":[{"id":118911,"href":"https:\/\/www.sudoestehoje.com.br\/novoportal\/wp-json\/wp\/v2\/posts\/118908\/revisions\/118911"}],"wp:featuredmedia":[{"embeddable":true,"href":"https:\/\/www.sudoestehoje.com.br\/novoportal\/wp-json\/wp\/v2\/media\/118909"}],"wp:attachment":[{"href":"https:\/\/www.sudoestehoje.com.br\/novoportal\/wp-json\/wp\/v2\/media?parent=118908"}],"wp:term":[{"taxonomy":"category","embeddable":true,"href":"https:\/\/www.sudoestehoje.com.br\/novoportal\/wp-json\/wp\/v2\/categories?post=118908"},{"taxonomy":"post_tag","embeddable":true,"href":"https:\/\/www.sudoestehoje.com.br\/novoportal\/wp-json\/wp\/v2\/tags?post=118908"}],"curies":[{"name":"wp","href":"https:\/\/api.w.org\/{rel}","templated":true}]}}