
{"id":118898,"date":"2024-09-02T18:55:08","date_gmt":"2024-09-02T21:55:08","guid":{"rendered":"https:\/\/www.sudoestehoje.com.br\/novoportal\/?p=118898"},"modified":"2024-09-02T18:55:08","modified_gmt":"2024-09-02T21:55:08","slug":"sinebahia-divulga-vagas-de-emprego-para-itapetinga-e-outras-cidades","status":"publish","type":"post","link":"https:\/\/www.sudoestehoje.com.br\/novoportal\/2024\/09\/02\/sinebahia-divulga-vagas-de-emprego-para-itapetinga-e-outras-cidades\/","title":{"rendered":"SINEBAHIA DIVULGA VAGAS DE EMPREGO PARA ITAPETINGA E OUTRAS CIDADES"},"content":{"rendered":"<p><img loading=\"lazy\" decoding=\"async\" class=\"alignnone  wp-image-118900\" src=\"https:\/\/www.sudoestehoje.com.br\/novoportal\/wp-content\/uploads\/2024\/09\/PONTO-SAC.jpg\" alt=\"\" width=\"549\" height=\"309\" \/><\/p>\n<p><strong>O\u00a0SineBahia, \u00f3rg\u00e3o estadual de intermedia\u00e7\u00e3o para o trabalho de forma gratuita, divulgou as\u00a0vagas de emprego e est\u00e1gio\u00a0dispon\u00edveis para esta segunda-feira (2), em cidades do interior do estado. H\u00e1 oportunidades em Feira de Santana, Ilh\u00e9us, Itabuna, Jequi\u00e9, Barreiras, Vit\u00f3ria da Conquista, Senhor do Bonfim, Irec\u00ea, Jacobina, Caetit\u00e9, <span style=\"color: #0000ff;\">Itapetinga<\/span> e Esplanada. Confira vagas para Itapetinga:<\/strong><\/p>\n<div id=\"chunk-2foa5\">\n<div class=\"mc-column content-text active-extra-styles\" data-block-type=\"raw\" data-block-weight=\"1\" data-block-id=\"308\">\n<div class=\"content-intertitle\">\n<h2><strong>&#x1f4cd;Itapetinga<\/strong><\/h2>\n<\/div>\n<p><strong>ELETROT\u00c9CNICO<\/strong><\/p>\n<\/div>\n<\/div>\n<div id=\"chunk-fkbq1\">\n<div class=\"mc-column content-text active-extra-styles \" data-block-type=\"unstyled\" data-block-weight=\"7\" data-block-id=\"309\">\n<p class=\" content-text__container \" data-track-category=\"Link no Texto\" data-track-links=\"\" data-mrf-recirculation=\"Article links\"><strong>Ensino m\u00e9dio completo<\/strong><br \/>\n<strong>Conhecimento em pacote Office<\/strong><br \/>\n<strong>1 VAGA<\/strong><\/p>\n<\/div>\n<\/div>\n<div id=\"chunk-5bldr\">\n<div class=\"mc-column content-text active-extra-styles \" data-block-type=\"unstyled\" data-block-weight=\"6\" data-block-id=\"310\">\n<p class=\" content-text__container \" data-track-category=\"Link no Texto\" data-track-links=\"\" data-mrf-recirculation=\"Article links\"><strong>MEC\u00c2NICO DE MANUTEN\u00c7\u00c3O<\/strong><br \/>\n<strong>Ensino m\u00e9dio completo<\/strong><br \/>\n<strong>1 VAGA<\/strong><\/p>\n<\/div>\n<\/div>\n<div id=\"chunk-75ti5\">\n<div class=\"mc-column content-text active-extra-styles \" data-block-type=\"unstyled\" data-block-weight=\"15\" data-block-id=\"311\">\n<p class=\" content-text__container \" data-track-category=\"Link no Texto\" data-track-links=\"\" data-mrf-recirculation=\"Article links\"><strong>AUXILIAR EM LINHA DE PRODU\u00c7\u00c3O\u00a0(Vaga exclusiva para pessoas com defici\u00eancia)<\/strong><br \/>\n<strong>N\u00e3o exige experi\u00eancia<\/strong><br \/>\n<strong>1 VAGA<\/strong><\/p>\n<\/div>\n<\/div>\n<div id=\"chunk-buk48\">\n<div class=\"mc-column content-text active-extra-styles \" data-block-type=\"unstyled\" data-block-weight=\"10\" data-block-id=\"312\">\n<p class=\" content-text__container \" data-track-category=\"Link no Texto\" data-track-links=\"\" data-mrf-recirculation=\"Article links\"><strong>ATENDENTE DE LOJA<\/strong><br \/>\n<strong>Ensino m\u00e9dio completo<\/strong><br \/>\n<strong>Experi\u00eancia m\u00ednima de 6 meses<\/strong><br \/>\n<strong>2 VAGAS<\/strong><\/p>\n<\/div>\n<\/div>\n","protected":false},"excerpt":{"rendered":"<p>O\u00a0SineBahia, \u00f3rg\u00e3o estadual de intermedia\u00e7\u00e3o para o trabalho de forma gratuita, divulgou as\u00a0vagas de emprego e est\u00e1gio\u00a0dispon\u00edveis para esta segunda-feira (2), em cidades do interior do estado. H\u00e1 oportunidades em Feira de Santana, Ilh\u00e9us, Itabuna, Jequi\u00e9, Barreiras, Vit\u00f3ria da Conquista, Senhor do Bonfim, Irec\u00ea, Jacobina, Caetit\u00e9, Itapetinga e Esplanada. Confira vagas para Itapetinga: &#x1f4cd;Itapetinga ELETROT\u00c9CNICO [&hellip;]<\/p>\n","protected":false},"author":2,"featured_media":118900,"comment_status":"closed","ping_status":"open","sticky":false,"template":"","format":"standard","meta":{"footnotes":"","_links_to":"","_links_to_target":""},"categories":[1],"tags":[],"class_list":["post-118898","post","type-post","status-publish","format-standard","has-post-thumbnail","hentry","category-geral"],"views":1364,"_links":{"self":[{"href":"https:\/\/www.sudoestehoje.com.br\/novoportal\/wp-json\/wp\/v2\/posts\/118898","targetHints":{"allow":["GET"]}}],"collection":[{"href":"https:\/\/www.sudoestehoje.com.br\/novoportal\/wp-json\/wp\/v2\/posts"}],"about":[{"href":"https:\/\/www.sudoestehoje.com.br\/novoportal\/wp-json\/wp\/v2\/types\/post"}],"author":[{"embeddable":true,"href":"https:\/\/www.sudoestehoje.com.br\/novoportal\/wp-json\/wp\/v2\/users\/2"}],"replies":[{"embeddable":true,"href":"https:\/\/www.sudoestehoje.com.br\/novoportal\/wp-json\/wp\/v2\/comments?post=118898"}],"version-history":[{"count":5,"href":"https:\/\/www.sudoestehoje.com.br\/novoportal\/wp-json\/wp\/v2\/posts\/118898\/revisions"}],"predecessor-version":[{"id":118904,"href":"https:\/\/www.sudoestehoje.com.br\/novoportal\/wp-json\/wp\/v2\/posts\/118898\/revisions\/118904"}],"wp:featuredmedia":[{"embeddable":true,"href":"https:\/\/www.sudoestehoje.com.br\/novoportal\/wp-json\/wp\/v2\/media\/118900"}],"wp:attachment":[{"href":"https:\/\/www.sudoestehoje.com.br\/novoportal\/wp-json\/wp\/v2\/media?parent=118898"}],"wp:term":[{"taxonomy":"category","embeddable":true,"href":"https:\/\/www.sudoestehoje.com.br\/novoportal\/wp-json\/wp\/v2\/categories?post=118898"},{"taxonomy":"post_tag","embeddable":true,"href":"https:\/\/www.sudoestehoje.com.br\/novoportal\/wp-json\/wp\/v2\/tags?post=118898"}],"curies":[{"name":"wp","href":"https:\/\/api.w.org\/{rel}","templated":true}]}}