
{"id":118895,"date":"2024-09-02T18:42:25","date_gmt":"2024-09-02T21:42:25","guid":{"rendered":"https:\/\/www.sudoestehoje.com.br\/novoportal\/?p=118895"},"modified":"2024-09-03T08:34:03","modified_gmt":"2024-09-03T11:34:03","slug":"medico-inestigado-por-abuso-contra-quase-30-pacientes-em-itabuna-e-indiciado","status":"publish","type":"post","link":"https:\/\/www.sudoestehoje.com.br\/novoportal\/2024\/09\/02\/medico-inestigado-por-abuso-contra-quase-30-pacientes-em-itabuna-e-indiciado\/","title":{"rendered":"M\u00c9DICO INVESTIGADO POR ABUSO CONTRA QUASE 30 PACIENTES EM ITABUNA \u00c9 INDICIADO"},"content":{"rendered":"<div id=\"chunk-epsjc\">\n<div class=\"mc-column content-text active-extra-styles \" data-block-type=\"unstyled\" data-block-weight=\"53\" data-block-id=\"2\">\n<p data-track-category=\"Link no Texto\" data-track-links=\"\" data-mrf-recirculation=\"Article links\"><img loading=\"lazy\" decoding=\"async\" class=\"alignnone size-full wp-image-118896\" src=\"https:\/\/www.sudoestehoje.com.br\/novoportal\/wp-content\/uploads\/2024\/09\/mangabeira2.jpg\" alt=\"\" width=\"500\" height=\"281\" \/><\/p>\n<p data-track-category=\"Link no Texto\" data-track-links=\"\" data-mrf-recirculation=\"Article links\"><span style=\"color: #ff0000;\"><strong><em>G1 Bahia<\/em><\/strong><\/span><\/p>\n<p class=\" content-text__container \" data-track-category=\"Link no Texto\" data-track-links=\"\" data-mrf-recirculation=\"Article links\"><strong>A Pol\u00edcia Civil concluiu a investiga\u00e7\u00e3o e o m\u00e9dico Ant\u00f4nio Mangabeira,\u00a0suspeito de abusar sexualmente de 29 pacientes, foi indiciado pelo crime de importuna\u00e7\u00e3o sexual. A informa\u00e7\u00e3o foi confirmada pelo delegado respons\u00e1vel pelo caso, Jasen Baeta, \u00e0 TV Santa Cruz, afiliada da TV Bahia na regi\u00e3o. O caso foi submetido \u00e0 Justi\u00e7a.<\/strong><\/p>\n<\/div>\n<\/div>\n<div class=\"wall protected-content\">\n<div id=\"chunk-f0mpk\">\n<div class=\"mc-column content-text active-extra-styles \" data-block-type=\"unstyled\" data-block-weight=\"40\" data-block-id=\"4\">\n<p class=\" content-text__container \" data-track-category=\"Link no Texto\" data-track-links=\"\" data-mrf-recirculation=\"Article links\"><strong>O m\u00e9dico foi interrogado pela Pol\u00edcia Civil de Itabuna, no sul da Bahia, no m\u00eas de agosto. Na ocasi\u00e3o, depoimento durou cerca de duas horas e meia. Ele foi investigado por estupro e importuna\u00e7\u00e3o sexual, e nega os crimes.<\/strong><\/p>\n<\/div>\n<\/div>\n<div id=\"chunk-1fqmc\">\n<div class=\"mc-column content-text active-extra-styles \" data-block-type=\"unstyled\" data-block-weight=\"44\" data-block-id=\"5\">\n<p class=\" content-text__container \" data-track-category=\"Link no Texto\" data-track-links=\"\" data-mrf-recirculation=\"Article links\"><strong><span class=\"highlight highlighted\">A apura\u00e7\u00e3o da TV Santa Cruz aponta que foram identificadas 29 v\u00edtimas e 28 inqu\u00e9ritos foram gerados.<\/span> O caso de duas v\u00edtimas se tornou um \u00fanico inqu\u00e9rito por se tratarem de m\u00e3e e filha, e o epis\u00f3dio ter acontecido no mesmo dia e local.<\/strong><\/p>\n<div id=\"chunk-fjloi\">\n<div class=\"mc-column content-text active-extra-styles \" data-block-type=\"unstyled\" data-block-weight=\"15\" data-block-id=\"7\">\n<p class=\" content-text__container \" data-track-category=\"Link no Texto\" data-track-links=\"\" data-mrf-recirculation=\"Article links\"><strong>A pol\u00edcia n\u00e3o divulgou detalhes sobre a investiga\u00e7\u00e3o. O caso corre em segredo de Justi\u00e7a.<\/strong><\/p>\n<\/div>\n<\/div>\n<div id=\"chunk-16ab5\">\n<div class=\"mc-column content-text active-extra-styles \" data-block-type=\"unstyled\" data-block-weight=\"53\" data-block-id=\"8\">\n<p class=\" content-text__container \" data-track-category=\"Link no Texto\" data-track-links=\"\" data-mrf-recirculation=\"Article links\"><strong>Em 5 de agosto foram cumpridos mandados de busca e apreens\u00e3o na Oconsul, cl\u00ednica onde o m\u00e9dico Ant\u00f4nio Mangabeira prestava atendimento e onde teriam ocorrido os crimes. De acordo com a TV Santa Cruz, pelo menos duas den\u00fancias registradas se referem a abusos cometidos em uma unidade de sa\u00fade p\u00fablica da cidade.<\/strong><\/p>\n<\/div>\n<\/div>\n<div id=\"chunk-5isq9\">\n<div class=\"mc-column content-text active-extra-styles \" data-block-type=\"unstyled\" data-block-weight=\"13\" data-block-id=\"9\">\n<p class=\" content-text__container \" data-track-category=\"Link no Texto\" data-track-links=\"\" data-mrf-recirculation=\"Article links\"><strong>A defesa do m\u00e9dico foi procurada pela reportagem e negou as acusa\u00e7\u00f5es.<\/strong><\/p>\n<\/div>\n<\/div>\n<\/div>\n<\/div>\n<\/div>\n","protected":false},"excerpt":{"rendered":"<p>G1 Bahia A Pol\u00edcia Civil concluiu a investiga\u00e7\u00e3o e o m\u00e9dico Ant\u00f4nio Mangabeira,\u00a0suspeito de abusar sexualmente de 29 pacientes, foi indiciado pelo crime de importuna\u00e7\u00e3o sexual. A informa\u00e7\u00e3o foi confirmada pelo delegado respons\u00e1vel pelo caso, Jasen Baeta, \u00e0 TV Santa Cruz, afiliada da TV Bahia na regi\u00e3o. O caso foi submetido \u00e0 Justi\u00e7a. O m\u00e9dico [&hellip;]<\/p>\n","protected":false},"author":2,"featured_media":118896,"comment_status":"closed","ping_status":"open","sticky":false,"template":"","format":"standard","meta":{"footnotes":"","_links_to":"","_links_to_target":""},"categories":[1],"tags":[],"class_list":["post-118895","post","type-post","status-publish","format-standard","has-post-thumbnail","hentry","category-geral"],"views":522,"_links":{"self":[{"href":"https:\/\/www.sudoestehoje.com.br\/novoportal\/wp-json\/wp\/v2\/posts\/118895","targetHints":{"allow":["GET"]}}],"collection":[{"href":"https:\/\/www.sudoestehoje.com.br\/novoportal\/wp-json\/wp\/v2\/posts"}],"about":[{"href":"https:\/\/www.sudoestehoje.com.br\/novoportal\/wp-json\/wp\/v2\/types\/post"}],"author":[{"embeddable":true,"href":"https:\/\/www.sudoestehoje.com.br\/novoportal\/wp-json\/wp\/v2\/users\/2"}],"replies":[{"embeddable":true,"href":"https:\/\/www.sudoestehoje.com.br\/novoportal\/wp-json\/wp\/v2\/comments?post=118895"}],"version-history":[{"count":2,"href":"https:\/\/www.sudoestehoje.com.br\/novoportal\/wp-json\/wp\/v2\/posts\/118895\/revisions"}],"predecessor-version":[{"id":118905,"href":"https:\/\/www.sudoestehoje.com.br\/novoportal\/wp-json\/wp\/v2\/posts\/118895\/revisions\/118905"}],"wp:featuredmedia":[{"embeddable":true,"href":"https:\/\/www.sudoestehoje.com.br\/novoportal\/wp-json\/wp\/v2\/media\/118896"}],"wp:attachment":[{"href":"https:\/\/www.sudoestehoje.com.br\/novoportal\/wp-json\/wp\/v2\/media?parent=118895"}],"wp:term":[{"taxonomy":"category","embeddable":true,"href":"https:\/\/www.sudoestehoje.com.br\/novoportal\/wp-json\/wp\/v2\/categories?post=118895"},{"taxonomy":"post_tag","embeddable":true,"href":"https:\/\/www.sudoestehoje.com.br\/novoportal\/wp-json\/wp\/v2\/tags?post=118895"}],"curies":[{"name":"wp","href":"https:\/\/api.w.org\/{rel}","templated":true}]}}