
{"id":118821,"date":"2024-08-30T11:00:46","date_gmt":"2024-08-30T14:00:46","guid":{"rendered":"https:\/\/www.sudoestehoje.com.br\/novoportal\/?p=118821"},"modified":"2024-08-30T11:00:46","modified_gmt":"2024-08-30T14:00:46","slug":"itapetinga-escolas-municipais-iniciam-ensaios-para-o-desfile-de-7-de-setembro","status":"publish","type":"post","link":"https:\/\/www.sudoestehoje.com.br\/novoportal\/2024\/08\/30\/itapetinga-escolas-municipais-iniciam-ensaios-para-o-desfile-de-7-de-setembro\/","title":{"rendered":"ITAPETINGA | ESCOLAS MUNICIPAIS INICIAM ENSAIOS PARA O DESFILE DE 7 DE SETEMBRO"},"content":{"rendered":"<p><img loading=\"lazy\" decoding=\"async\" class=\"alignnone size-medium wp-image-118822\" src=\"https:\/\/www.sudoestehoje.com.br\/novoportal\/wp-content\/uploads\/2024\/08\/dd6e4c30-fcd4-44ff-b6ef-3fab7c334ea2-600x291.jpg\" alt=\"\" width=\"600\" height=\"291\" srcset=\"https:\/\/www.sudoestehoje.com.br\/novoportal\/wp-content\/uploads\/2024\/08\/dd6e4c30-fcd4-44ff-b6ef-3fab7c334ea2-600x291.jpg 600w, https:\/\/www.sudoestehoje.com.br\/novoportal\/wp-content\/uploads\/2024\/08\/dd6e4c30-fcd4-44ff-b6ef-3fab7c334ea2-700x339.jpg 700w, https:\/\/www.sudoestehoje.com.br\/novoportal\/wp-content\/uploads\/2024\/08\/dd6e4c30-fcd4-44ff-b6ef-3fab7c334ea2-768x372.jpg 768w, https:\/\/www.sudoestehoje.com.br\/novoportal\/wp-content\/uploads\/2024\/08\/dd6e4c30-fcd4-44ff-b6ef-3fab7c334ea2-1536x744.jpg 1536w, https:\/\/www.sudoestehoje.com.br\/novoportal\/wp-content\/uploads\/2024\/08\/dd6e4c30-fcd4-44ff-b6ef-3fab7c334ea2.jpg 1600w\" sizes=\"auto, (max-width: 600px) 100vw, 600px\" \/><\/p>\n<p><strong>Mantendo a tradi\u00e7\u00e3o c\u00edvica das comemora\u00e7\u00f5es da Independ\u00eancia do Brasil, a Secretaria Municipal de Educa\u00e7\u00e3o iniciou os ensaios das escolas municipais de Itapetinga, visando o grande desfile de 7 de setembro na cidade.<\/strong><\/p>\n<p><strong>O tradicional desfile c\u00edvico, que havia sido cancelado na gest\u00e3o passada, foi resgatado pelo prefeito Rodrigo Hagge no primeiro ano da sua gest\u00e3o, em 2017, e tem se firmado como a grande festa da fam\u00edlia, envolvendo as nossas crian\u00e7as, juventude, professores, entidades representativas da sociedade civil e militares.<\/strong><\/p>\n<p><strong>Na manh\u00e3 desta sexta (30), o ensaio ficou por conta das escolas c\u00edvico militares, uma das atra\u00e7\u00f5es nos desfiles de 7 de setembro, pela sua organiza\u00e7\u00e3o e disciplina.<\/strong><\/p>\n<p><strong>Por Davi Ferraz<\/strong><\/p>\n","protected":false},"excerpt":{"rendered":"<p>Mantendo a tradi\u00e7\u00e3o c\u00edvica das comemora\u00e7\u00f5es da Independ\u00eancia do Brasil, a Secretaria Municipal de Educa\u00e7\u00e3o iniciou os ensaios das escolas municipais de Itapetinga, visando o grande desfile de 7 de setembro na cidade. O tradicional desfile c\u00edvico, que havia sido cancelado na gest\u00e3o passada, foi resgatado pelo prefeito Rodrigo Hagge no primeiro ano da sua [&hellip;]<\/p>\n","protected":false},"author":2,"featured_media":118822,"comment_status":"closed","ping_status":"open","sticky":false,"template":"","format":"standard","meta":{"footnotes":"","_links_to":"","_links_to_target":""},"categories":[1],"tags":[],"class_list":["post-118821","post","type-post","status-publish","format-standard","has-post-thumbnail","hentry","category-geral"],"views":532,"_links":{"self":[{"href":"https:\/\/www.sudoestehoje.com.br\/novoportal\/wp-json\/wp\/v2\/posts\/118821","targetHints":{"allow":["GET"]}}],"collection":[{"href":"https:\/\/www.sudoestehoje.com.br\/novoportal\/wp-json\/wp\/v2\/posts"}],"about":[{"href":"https:\/\/www.sudoestehoje.com.br\/novoportal\/wp-json\/wp\/v2\/types\/post"}],"author":[{"embeddable":true,"href":"https:\/\/www.sudoestehoje.com.br\/novoportal\/wp-json\/wp\/v2\/users\/2"}],"replies":[{"embeddable":true,"href":"https:\/\/www.sudoestehoje.com.br\/novoportal\/wp-json\/wp\/v2\/comments?post=118821"}],"version-history":[{"count":1,"href":"https:\/\/www.sudoestehoje.com.br\/novoportal\/wp-json\/wp\/v2\/posts\/118821\/revisions"}],"predecessor-version":[{"id":118823,"href":"https:\/\/www.sudoestehoje.com.br\/novoportal\/wp-json\/wp\/v2\/posts\/118821\/revisions\/118823"}],"wp:featuredmedia":[{"embeddable":true,"href":"https:\/\/www.sudoestehoje.com.br\/novoportal\/wp-json\/wp\/v2\/media\/118822"}],"wp:attachment":[{"href":"https:\/\/www.sudoestehoje.com.br\/novoportal\/wp-json\/wp\/v2\/media?parent=118821"}],"wp:term":[{"taxonomy":"category","embeddable":true,"href":"https:\/\/www.sudoestehoje.com.br\/novoportal\/wp-json\/wp\/v2\/categories?post=118821"},{"taxonomy":"post_tag","embeddable":true,"href":"https:\/\/www.sudoestehoje.com.br\/novoportal\/wp-json\/wp\/v2\/tags?post=118821"}],"curies":[{"name":"wp","href":"https:\/\/api.w.org\/{rel}","templated":true}]}}