
{"id":11881,"date":"2012-01-09T14:14:29","date_gmt":"2012-01-09T17:14:29","guid":{"rendered":"http:\/\/www.sudoestehoje.com.br\/novoportal\/?p=11881"},"modified":"2012-01-09T14:14:29","modified_gmt":"2012-01-09T17:14:29","slug":"vice-prefeito-de-ibicui-apoia-pre-candidatura-de-marcos-galvao","status":"publish","type":"post","link":"https:\/\/www.sudoestehoje.com.br\/novoportal\/2012\/01\/09\/vice-prefeito-de-ibicui-apoia-pre-candidatura-de-marcos-galvao\/","title":{"rendered":"VICE-PREFEITO DE IBICU\u00cd APOIA PR\u00c9-CANDIDATURA DE MARCOS GALV\u00c3O"},"content":{"rendered":"<p style=\"text-align: center;\"><img decoding=\"async\" class=\"aligncenter\" src=\"http:\/\/www.politicosdosuldabahia.com.br\/v1\/wp-content\/uploads\/marcos.bmp\" alt=\"\" width=\"400\" \/><\/p>\n<p style=\"text-align: center;\"><em><strong>Vice rompe com o prefeito e apoia Marcos Galv\u00e3o<\/strong><\/em><\/p>\n<p>IBICU\u00cd: Em um encontro casual, onde a conversa girou em torno da sucess\u00e3o municipal, o vice-prefeito de Ibicu\u00ed, Edson Andrade (PT), declarou publicamente que apoiar\u00e1 o pr\u00e9-candidato Marcos Galv\u00e3o (PT), para a prefeitura de Ibicu\u00ed.\u00a0\u00a0O vice j\u00e1 vinha participando das reuni\u00f5es e encontros pr\u00f3 Galv\u00e3o, mas s\u00f3 definiu o seu apoio \u00e0 candidatura do jovem petista na \u00faltima sexta-feira.<\/p>\n<p><em><strong>Pol\u00edticos do Sul da Bahia<\/strong><\/em><\/p>\n","protected":false},"excerpt":{"rendered":"<p>Vice rompe com o prefeito e apoia Marcos Galv\u00e3o IBICU\u00cd: Em um encontro casual, onde a conversa girou em torno da sucess\u00e3o municipal, o vice-prefeito de Ibicu\u00ed, Edson Andrade (PT), declarou publicamente que apoiar\u00e1 o pr\u00e9-candidato Marcos Galv\u00e3o (PT), para a prefeitura de Ibicu\u00ed.\u00a0\u00a0O vice j\u00e1 vinha participando das reuni\u00f5es e encontros pr\u00f3 Galv\u00e3o, mas [&hellip;]<\/p>\n","protected":false},"author":2,"featured_media":0,"comment_status":"open","ping_status":"open","sticky":false,"template":"","format":"standard","meta":{"footnotes":"","_links_to":"","_links_to_target":""},"categories":[1],"tags":[],"class_list":["post-11881","post","type-post","status-publish","format-standard","hentry","category-geral"],"views":1186,"_links":{"self":[{"href":"https:\/\/www.sudoestehoje.com.br\/novoportal\/wp-json\/wp\/v2\/posts\/11881","targetHints":{"allow":["GET"]}}],"collection":[{"href":"https:\/\/www.sudoestehoje.com.br\/novoportal\/wp-json\/wp\/v2\/posts"}],"about":[{"href":"https:\/\/www.sudoestehoje.com.br\/novoportal\/wp-json\/wp\/v2\/types\/post"}],"author":[{"embeddable":true,"href":"https:\/\/www.sudoestehoje.com.br\/novoportal\/wp-json\/wp\/v2\/users\/2"}],"replies":[{"embeddable":true,"href":"https:\/\/www.sudoestehoje.com.br\/novoportal\/wp-json\/wp\/v2\/comments?post=11881"}],"version-history":[{"count":2,"href":"https:\/\/www.sudoestehoje.com.br\/novoportal\/wp-json\/wp\/v2\/posts\/11881\/revisions"}],"predecessor-version":[{"id":11883,"href":"https:\/\/www.sudoestehoje.com.br\/novoportal\/wp-json\/wp\/v2\/posts\/11881\/revisions\/11883"}],"wp:attachment":[{"href":"https:\/\/www.sudoestehoje.com.br\/novoportal\/wp-json\/wp\/v2\/media?parent=11881"}],"wp:term":[{"taxonomy":"category","embeddable":true,"href":"https:\/\/www.sudoestehoje.com.br\/novoportal\/wp-json\/wp\/v2\/categories?post=11881"},{"taxonomy":"post_tag","embeddable":true,"href":"https:\/\/www.sudoestehoje.com.br\/novoportal\/wp-json\/wp\/v2\/tags?post=11881"}],"curies":[{"name":"wp","href":"https:\/\/api.w.org\/{rel}","templated":true}]}}