
{"id":118799,"date":"2024-08-30T09:19:47","date_gmt":"2024-08-30T12:19:47","guid":{"rendered":"https:\/\/www.sudoestehoje.com.br\/novoportal\/?p=118799"},"modified":"2024-08-30T09:20:23","modified_gmt":"2024-08-30T12:20:23","slug":"eleicoes-eduardo-e-alecio-reforcam-campanha-na-nova-itapetinga-de-olho-na-caminhada-de-sabado","status":"publish","type":"post","link":"https:\/\/www.sudoestehoje.com.br\/novoportal\/2024\/08\/30\/eleicoes-eduardo-e-alecio-reforcam-campanha-na-nova-itapetinga-de-olho-na-caminhada-de-sabado\/","title":{"rendered":"ELEI\u00c7\u00d5ES | EDUARDO E AL\u00c9CIO REFOR\u00c7AM CAMPANHA NA NOVA ITAPETINGA DE OLHO NA CAMINHADA DE S\u00c1BADO"},"content":{"rendered":"<p><img loading=\"lazy\" decoding=\"async\" class=\"alignnone wp-image-118801\" src=\"https:\/\/www.sudoestehoje.com.br\/novoportal\/wp-content\/uploads\/2024\/08\/WhatsApp-Image-2024-08-30-at-08.31.27-600x436.jpeg\" alt=\"\" width=\"550\" height=\"400\" srcset=\"https:\/\/www.sudoestehoje.com.br\/novoportal\/wp-content\/uploads\/2024\/08\/WhatsApp-Image-2024-08-30-at-08.31.27-600x436.jpeg 600w, https:\/\/www.sudoestehoje.com.br\/novoportal\/wp-content\/uploads\/2024\/08\/WhatsApp-Image-2024-08-30-at-08.31.27-700x509.jpeg 700w, https:\/\/www.sudoestehoje.com.br\/novoportal\/wp-content\/uploads\/2024\/08\/WhatsApp-Image-2024-08-30-at-08.31.27-768x559.jpeg 768w, https:\/\/www.sudoestehoje.com.br\/novoportal\/wp-content\/uploads\/2024\/08\/WhatsApp-Image-2024-08-30-at-08.31.27.jpeg 1078w\" sizes=\"auto, (max-width: 550px) 100vw, 550px\" \/><\/p>\n<p><em><strong>Por Davi Ferraz<\/strong><\/em><\/p>\n<p><strong>Desde o in\u00edcio desta semana, os candidatos a prefeito e vice, Eduardo Hagge (MDB) e Alecio Chaves (PSB), v\u00eam concentrando as suas aten\u00e7\u00f5es ao bairro Nova Itapetinga, o maior da cidade e decisivo em todas as elei\u00e7\u00f5es. A realiza\u00e7\u00e3o desses movimentos precedem a grande caminhada do pr\u00f3ximo s\u00e1bado (31), que inicia nas Casas Populares e v\u00e3o at\u00e9 o Primavera.<\/strong><\/p>\n<p><img loading=\"lazy\" decoding=\"async\" class=\"alignnone wp-image-118803\" src=\"https:\/\/www.sudoestehoje.com.br\/novoportal\/wp-content\/uploads\/2024\/08\/WhatsApp-Image-2024-08-30-at-08.36.18-2-600x338.jpeg\" alt=\"\" width=\"550\" height=\"310\" srcset=\"https:\/\/www.sudoestehoje.com.br\/novoportal\/wp-content\/uploads\/2024\/08\/WhatsApp-Image-2024-08-30-at-08.36.18-2-600x338.jpeg 600w, https:\/\/www.sudoestehoje.com.br\/novoportal\/wp-content\/uploads\/2024\/08\/WhatsApp-Image-2024-08-30-at-08.36.18-2-700x394.jpeg 700w, https:\/\/www.sudoestehoje.com.br\/novoportal\/wp-content\/uploads\/2024\/08\/WhatsApp-Image-2024-08-30-at-08.36.18-2-768x432.jpeg 768w, https:\/\/www.sudoestehoje.com.br\/novoportal\/wp-content\/uploads\/2024\/08\/WhatsApp-Image-2024-08-30-at-08.36.18-2.jpeg 1156w\" sizes=\"auto, (max-width: 550px) 100vw, 550px\" \/><\/p>\n<p><strong>Com um mar de apoiadores, Eduardo e Al\u00e9cio vem &#8216;costurando as ruas da Nova, num corpo a corpo que mais parece uma verdadeira caminhada, dado ao n\u00famero enorme de participantes volunt\u00e1rios, que vestem suas camisetas &#8216;amarelinhas&#8217; e seguem os candidatos em todo o percurso.<\/strong><\/p>\n<p><img loading=\"lazy\" decoding=\"async\" class=\"alignnone wp-image-118804\" src=\"https:\/\/www.sudoestehoje.com.br\/novoportal\/wp-content\/uploads\/2024\/08\/WhatsApp-Image-2024-08-30-at-08.36.18-600x338.jpeg\" alt=\"\" width=\"550\" height=\"310\" srcset=\"https:\/\/www.sudoestehoje.com.br\/novoportal\/wp-content\/uploads\/2024\/08\/WhatsApp-Image-2024-08-30-at-08.36.18-600x338.jpeg 600w, https:\/\/www.sudoestehoje.com.br\/novoportal\/wp-content\/uploads\/2024\/08\/WhatsApp-Image-2024-08-30-at-08.36.18-700x394.jpeg 700w, https:\/\/www.sudoestehoje.com.br\/novoportal\/wp-content\/uploads\/2024\/08\/WhatsApp-Image-2024-08-30-at-08.36.18-768x432.jpeg 768w, https:\/\/www.sudoestehoje.com.br\/novoportal\/wp-content\/uploads\/2024\/08\/WhatsApp-Image-2024-08-30-at-08.36.18.jpeg 1156w\" sizes=\"auto, (max-width: 550px) 100vw, 550px\" \/><\/p>\n<p><strong>Batendo de porta em porta, Eduardo e Al\u00e9cio recebem o carinho e apoio da popula\u00e7\u00e3o e fazem o convite para que os moradores do bairro participem da grande caminhada programada para o pr\u00f3ximo s\u00e1bado, a primeira destas elei\u00e7\u00f5es na &#8216;Capital da Pecu\u00e1ria&#8217;. Confira fotos:<\/strong><\/p>\n\n\t\t<style type=\"text\/css\">\n\t\t\t#gallery-1 {\n\t\t\t\tmargin: auto;\n\t\t\t}\n\t\t\t#gallery-1 .gallery-item {\n\t\t\t\tfloat: left;\n\t\t\t\tmargin-top: 10px;\n\t\t\t\ttext-align: center;\n\t\t\t\twidth: 33%;\n\t\t\t}\n\t\t\t#gallery-1 img {\n\t\t\t\tborder: 2px solid #cfcfcf;\n\t\t\t}\n\t\t\t#gallery-1 .gallery-caption {\n\t\t\t\tmargin-left: 0;\n\t\t\t}\n\t\t\t\/* see gallery_shortcode() in wp-includes\/media.php *\/\n\t\t<\/style>\n\t\t<div id='gallery-1' class='gallery galleryid-118799 gallery-columns-3 gallery-size-thumbnail'><dl class='gallery-item'>\n\t\t\t<dt class='gallery-icon landscape'>\n\t\t\t\t<a href='https:\/\/www.sudoestehoje.com.br\/novoportal\/2024\/08\/30\/eleicoes-eduardo-e-alecio-reforcam-campanha-na-nova-itapetinga-de-olho-na-caminhada-de-sabado\/whatsapp-image-2024-08-30-at-08-36-26\/'><img loading=\"lazy\" decoding=\"async\" width=\"150\" height=\"150\" src=\"https:\/\/www.sudoestehoje.com.br\/novoportal\/wp-content\/uploads\/2024\/08\/WhatsApp-Image-2024-08-30-at-08.36.26-150x150.jpeg\" class=\"attachment-thumbnail size-thumbnail\" alt=\"\" \/><\/a>\n\t\t\t<\/dt><\/dl><dl class='gallery-item'>\n\t\t\t<dt class='gallery-icon landscape'>\n\t\t\t\t<a href='https:\/\/www.sudoestehoje.com.br\/novoportal\/2024\/08\/30\/eleicoes-eduardo-e-alecio-reforcam-campanha-na-nova-itapetinga-de-olho-na-caminhada-de-sabado\/whatsapp-image-2024-08-30-at-08-36-25\/'><img loading=\"lazy\" decoding=\"async\" width=\"150\" height=\"150\" src=\"https:\/\/www.sudoestehoje.com.br\/novoportal\/wp-content\/uploads\/2024\/08\/WhatsApp-Image-2024-08-30-at-08.36.25-150x150.jpeg\" class=\"attachment-thumbnail size-thumbnail\" alt=\"\" \/><\/a>\n\t\t\t<\/dt><\/dl><dl class='gallery-item'>\n\t\t\t<dt class='gallery-icon landscape'>\n\t\t\t\t<a href='https:\/\/www.sudoestehoje.com.br\/novoportal\/2024\/08\/30\/eleicoes-eduardo-e-alecio-reforcam-campanha-na-nova-itapetinga-de-olho-na-caminhada-de-sabado\/whatsapp-image-2024-08-30-at-08-36-25-1\/'><img loading=\"lazy\" decoding=\"async\" width=\"150\" height=\"150\" src=\"https:\/\/www.sudoestehoje.com.br\/novoportal\/wp-content\/uploads\/2024\/08\/WhatsApp-Image-2024-08-30-at-08.36.25-1-150x150.jpeg\" class=\"attachment-thumbnail size-thumbnail\" alt=\"\" \/><\/a>\n\t\t\t<\/dt><\/dl><br style=\"clear: both\" \/><dl class='gallery-item'>\n\t\t\t<dt class='gallery-icon landscape'>\n\t\t\t\t<a href='https:\/\/www.sudoestehoje.com.br\/novoportal\/2024\/08\/30\/eleicoes-eduardo-e-alecio-reforcam-campanha-na-nova-itapetinga-de-olho-na-caminhada-de-sabado\/whatsapp-image-2024-08-30-at-08-36-24\/'><img loading=\"lazy\" decoding=\"async\" width=\"150\" height=\"150\" src=\"https:\/\/www.sudoestehoje.com.br\/novoportal\/wp-content\/uploads\/2024\/08\/WhatsApp-Image-2024-08-30-at-08.36.24-150x150.jpeg\" class=\"attachment-thumbnail size-thumbnail\" alt=\"\" \/><\/a>\n\t\t\t<\/dt><\/dl><dl class='gallery-item'>\n\t\t\t<dt class='gallery-icon landscape'>\n\t\t\t\t<a href='https:\/\/www.sudoestehoje.com.br\/novoportal\/2024\/08\/30\/eleicoes-eduardo-e-alecio-reforcam-campanha-na-nova-itapetinga-de-olho-na-caminhada-de-sabado\/whatsapp-image-2024-08-30-at-08-36-24-1\/'><img loading=\"lazy\" decoding=\"async\" width=\"150\" height=\"150\" src=\"https:\/\/www.sudoestehoje.com.br\/novoportal\/wp-content\/uploads\/2024\/08\/WhatsApp-Image-2024-08-30-at-08.36.24-1-150x150.jpeg\" class=\"attachment-thumbnail size-thumbnail\" alt=\"\" \/><\/a>\n\t\t\t<\/dt><\/dl><dl class='gallery-item'>\n\t\t\t<dt class='gallery-icon landscape'>\n\t\t\t\t<a href='https:\/\/www.sudoestehoje.com.br\/novoportal\/2024\/08\/30\/eleicoes-eduardo-e-alecio-reforcam-campanha-na-nova-itapetinga-de-olho-na-caminhada-de-sabado\/whatsapp-image-2024-08-30-at-08-36-22\/'><img loading=\"lazy\" decoding=\"async\" width=\"150\" height=\"150\" src=\"https:\/\/www.sudoestehoje.com.br\/novoportal\/wp-content\/uploads\/2024\/08\/WhatsApp-Image-2024-08-30-at-08.36.22-150x150.jpeg\" class=\"attachment-thumbnail size-thumbnail\" alt=\"\" \/><\/a>\n\t\t\t<\/dt><\/dl><br style=\"clear: both\" \/><dl class='gallery-item'>\n\t\t\t<dt class='gallery-icon landscape'>\n\t\t\t\t<a href='https:\/\/www.sudoestehoje.com.br\/novoportal\/2024\/08\/30\/eleicoes-eduardo-e-alecio-reforcam-campanha-na-nova-itapetinga-de-olho-na-caminhada-de-sabado\/whatsapp-image-2024-08-30-at-08-36-22-2\/'><img loading=\"lazy\" decoding=\"async\" width=\"150\" height=\"150\" src=\"https:\/\/www.sudoestehoje.com.br\/novoportal\/wp-content\/uploads\/2024\/08\/WhatsApp-Image-2024-08-30-at-08.36.22-2-150x150.jpeg\" class=\"attachment-thumbnail size-thumbnail\" alt=\"\" \/><\/a>\n\t\t\t<\/dt><\/dl><dl class='gallery-item'>\n\t\t\t<dt class='gallery-icon landscape'>\n\t\t\t\t<a href='https:\/\/www.sudoestehoje.com.br\/novoportal\/2024\/08\/30\/eleicoes-eduardo-e-alecio-reforcam-campanha-na-nova-itapetinga-de-olho-na-caminhada-de-sabado\/whatsapp-image-2024-08-30-at-08-36-20\/'><img loading=\"lazy\" decoding=\"async\" width=\"150\" height=\"150\" src=\"https:\/\/www.sudoestehoje.com.br\/novoportal\/wp-content\/uploads\/2024\/08\/WhatsApp-Image-2024-08-30-at-08.36.20-150x150.jpeg\" class=\"attachment-thumbnail size-thumbnail\" alt=\"\" \/><\/a>\n\t\t\t<\/dt><\/dl><dl class='gallery-item'>\n\t\t\t<dt class='gallery-icon landscape'>\n\t\t\t\t<a href='https:\/\/www.sudoestehoje.com.br\/novoportal\/2024\/08\/30\/eleicoes-eduardo-e-alecio-reforcam-campanha-na-nova-itapetinga-de-olho-na-caminhada-de-sabado\/whatsapp-image-2024-08-30-at-08-36-20-1\/'><img loading=\"lazy\" decoding=\"async\" width=\"150\" height=\"150\" src=\"https:\/\/www.sudoestehoje.com.br\/novoportal\/wp-content\/uploads\/2024\/08\/WhatsApp-Image-2024-08-30-at-08.36.20-1-150x150.jpeg\" class=\"attachment-thumbnail size-thumbnail\" alt=\"\" \/><\/a>\n\t\t\t<\/dt><\/dl><br style=\"clear: both\" \/><dl class='gallery-item'>\n\t\t\t<dt class='gallery-icon landscape'>\n\t\t\t\t<a href='https:\/\/www.sudoestehoje.com.br\/novoportal\/2024\/08\/30\/eleicoes-eduardo-e-alecio-reforcam-campanha-na-nova-itapetinga-de-olho-na-caminhada-de-sabado\/whatsapp-image-2024-08-30-at-08-36-19\/'><img loading=\"lazy\" decoding=\"async\" width=\"150\" height=\"150\" src=\"https:\/\/www.sudoestehoje.com.br\/novoportal\/wp-content\/uploads\/2024\/08\/WhatsApp-Image-2024-08-30-at-08.36.19-150x150.jpeg\" class=\"attachment-thumbnail size-thumbnail\" alt=\"\" \/><\/a>\n\t\t\t<\/dt><\/dl><dl class='gallery-item'>\n\t\t\t<dt class='gallery-icon landscape'>\n\t\t\t\t<a href='https:\/\/www.sudoestehoje.com.br\/novoportal\/2024\/08\/30\/eleicoes-eduardo-e-alecio-reforcam-campanha-na-nova-itapetinga-de-olho-na-caminhada-de-sabado\/whatsapp-image-2024-08-30-at-08-36-18-2\/'><img loading=\"lazy\" decoding=\"async\" width=\"150\" height=\"150\" src=\"https:\/\/www.sudoestehoje.com.br\/novoportal\/wp-content\/uploads\/2024\/08\/WhatsApp-Image-2024-08-30-at-08.36.18-2-150x150.jpeg\" class=\"attachment-thumbnail size-thumbnail\" alt=\"\" \/><\/a>\n\t\t\t<\/dt><\/dl><dl class='gallery-item'>\n\t\t\t<dt class='gallery-icon landscape'>\n\t\t\t\t<a href='https:\/\/www.sudoestehoje.com.br\/novoportal\/2024\/08\/30\/eleicoes-eduardo-e-alecio-reforcam-campanha-na-nova-itapetinga-de-olho-na-caminhada-de-sabado\/whatsapp-image-2024-08-30-at-08-36-19-1\/'><img loading=\"lazy\" decoding=\"async\" width=\"150\" height=\"150\" src=\"https:\/\/www.sudoestehoje.com.br\/novoportal\/wp-content\/uploads\/2024\/08\/WhatsApp-Image-2024-08-30-at-08.36.19-1-150x150.jpeg\" class=\"attachment-thumbnail size-thumbnail\" alt=\"\" \/><\/a>\n\t\t\t<\/dt><\/dl><br style=\"clear: both\" \/>\n\t\t<\/div>\n\n","protected":false},"excerpt":{"rendered":"<p>Por Davi Ferraz Desde o in\u00edcio desta semana, os candidatos a prefeito e vice, Eduardo Hagge (MDB) e Alecio Chaves (PSB), v\u00eam concentrando as suas aten\u00e7\u00f5es ao bairro Nova Itapetinga, o maior da cidade e decisivo em todas as elei\u00e7\u00f5es. A realiza\u00e7\u00e3o desses movimentos precedem a grande caminhada do pr\u00f3ximo s\u00e1bado (31), que inicia nas [&hellip;]<\/p>\n","protected":false},"author":2,"featured_media":118801,"comment_status":"closed","ping_status":"open","sticky":false,"template":"","format":"standard","meta":{"footnotes":"","_links_to":"","_links_to_target":""},"categories":[1],"tags":[],"class_list":["post-118799","post","type-post","status-publish","format-standard","has-post-thumbnail","hentry","category-geral"],"views":1347,"_links":{"self":[{"href":"https:\/\/www.sudoestehoje.com.br\/novoportal\/wp-json\/wp\/v2\/posts\/118799","targetHints":{"allow":["GET"]}}],"collection":[{"href":"https:\/\/www.sudoestehoje.com.br\/novoportal\/wp-json\/wp\/v2\/posts"}],"about":[{"href":"https:\/\/www.sudoestehoje.com.br\/novoportal\/wp-json\/wp\/v2\/types\/post"}],"author":[{"embeddable":true,"href":"https:\/\/www.sudoestehoje.com.br\/novoportal\/wp-json\/wp\/v2\/users\/2"}],"replies":[{"embeddable":true,"href":"https:\/\/www.sudoestehoje.com.br\/novoportal\/wp-json\/wp\/v2\/comments?post=118799"}],"version-history":[{"count":4,"href":"https:\/\/www.sudoestehoje.com.br\/novoportal\/wp-json\/wp\/v2\/posts\/118799\/revisions"}],"predecessor-version":[{"id":118820,"href":"https:\/\/www.sudoestehoje.com.br\/novoportal\/wp-json\/wp\/v2\/posts\/118799\/revisions\/118820"}],"wp:featuredmedia":[{"embeddable":true,"href":"https:\/\/www.sudoestehoje.com.br\/novoportal\/wp-json\/wp\/v2\/media\/118801"}],"wp:attachment":[{"href":"https:\/\/www.sudoestehoje.com.br\/novoportal\/wp-json\/wp\/v2\/media?parent=118799"}],"wp:term":[{"taxonomy":"category","embeddable":true,"href":"https:\/\/www.sudoestehoje.com.br\/novoportal\/wp-json\/wp\/v2\/categories?post=118799"},{"taxonomy":"post_tag","embeddable":true,"href":"https:\/\/www.sudoestehoje.com.br\/novoportal\/wp-json\/wp\/v2\/tags?post=118799"}],"curies":[{"name":"wp","href":"https:\/\/api.w.org\/{rel}","templated":true}]}}