
{"id":118783,"date":"2024-08-29T08:47:49","date_gmt":"2024-08-29T11:47:49","guid":{"rendered":"https:\/\/www.sudoestehoje.com.br\/novoportal\/?p=118783"},"modified":"2024-08-29T08:54:04","modified_gmt":"2024-08-29T11:54:04","slug":"brasil-tem-2125-milhoes-de-habitantes-segundo-estimativa-do-ibge","status":"publish","type":"post","link":"https:\/\/www.sudoestehoje.com.br\/novoportal\/2024\/08\/29\/brasil-tem-2125-milhoes-de-habitantes-segundo-estimativa-do-ibge\/","title":{"rendered":"BRASIL TEM 212,5 MILH\u00d5ES DE HABITANTES SEGUNDO ESTIMATIVA DO IBGE"},"content":{"rendered":"<div id=\"chunk-2hgei\">\n<div class=\"mc-column content-text active-extra-styles \" data-block-type=\"unstyled\" data-block-weight=\"23\" data-block-id=\"2\">\n<p data-track-category=\"Link no Texto\" data-track-links=\"\" data-mrf-recirculation=\"Article links\"><img loading=\"lazy\" decoding=\"async\" class=\"alignnone wp-image-118785\" src=\"https:\/\/www.sudoestehoje.com.br\/novoportal\/wp-content\/uploads\/2024\/08\/c0017t01-2-600x338.webp\" alt=\"\" width=\"550\" height=\"310\" srcset=\"https:\/\/www.sudoestehoje.com.br\/novoportal\/wp-content\/uploads\/2024\/08\/c0017t01-2-600x338.webp 600w, https:\/\/www.sudoestehoje.com.br\/novoportal\/wp-content\/uploads\/2024\/08\/c0017t01-2-700x394.webp 700w, https:\/\/www.sudoestehoje.com.br\/novoportal\/wp-content\/uploads\/2024\/08\/c0017t01-2-768x432.webp 768w, https:\/\/www.sudoestehoje.com.br\/novoportal\/wp-content\/uploads\/2024\/08\/c0017t01-2.webp 984w\" sizes=\"auto, (max-width: 550px) 100vw, 550px\" \/><\/p>\n<p class=\" content-text__container \" data-track-category=\"Link no Texto\" data-track-links=\"\" data-mrf-recirculation=\"Article links\"><strong>A popula\u00e7\u00e3o brasileira \u00e9\u00a0estimada em\u00a0<span class=\"highlight highlighted\">212.583.750 habitantes<\/span>,\u00a0segundo novos dados divulgados nesta quinta-feira (29) pelo Instituto Brasileiro de Geografia e Estat\u00edstica (<a class=\"\" href=\"https:\/\/g1.globo.com\/tudo-sobre\/ibge\/\" data-mrf-link=\"https:\/\/g1.globo.com\/tudo-sobre\/ibge\/\">IBGE<\/a>).<\/strong><\/p>\n<\/div>\n<\/div>\n<div class=\"wall protected-content\">\n<div id=\"chunk-2l0v0\">\n<div class=\"mc-column content-text active-extra-styles \" data-block-type=\"unstyled\" data-block-weight=\"34\" data-block-id=\"4\">\n<p class=\" content-text__container \" data-track-category=\"Link no Texto\" data-track-links=\"\" data-mrf-recirculation=\"Article links\"><strong>A estimativa, que revela o total de habitantes em estados e munic\u00edpios, considera a contagem de pessoas at\u00e9 o\u00a0<span class=\"highlight highlighted\">dia 1\u00ba de julho de 2024<\/span>. As informa\u00e7\u00f5es foram publicadas no Di\u00e1rio Oficial da Uni\u00e3o.<\/strong><\/p>\n<\/div>\n<\/div>\n<div id=\"chunk-cvsbn\">\n<div class=\"mc-column content-text active-extra-styles \" data-block-type=\"unstyled\" data-block-weight=\"52\" data-block-id=\"5\">\n<p class=\" content-text__container \" data-track-category=\"Link no Texto\" data-track-links=\"\" data-mrf-recirculation=\"Article links\"><strong><span class=\"highlight highlighted\">A proje\u00e7\u00e3o representa um n\u00famero 4,68% maior do que mostrou a \u00faltima atualiza\u00e7\u00e3o do Censo de 2022<\/span>. Em outubro de 2023, o\u00a0IBGE, depois de ajustar os n\u00fameros informados na primeira divulga\u00e7\u00e3o do Censo, informou que a popula\u00e7\u00e3o brasileira era de\u00a0203.080.756 milh\u00f5es de pessoas. Antes, o\u00a0Censo tinha reportado 203.062.512 brasileiros.<\/strong><\/p>\n<div id=\"chunk-cg6ke\">\n<div class=\"mc-column content-text active-extra-styles \" data-block-type=\"unstyled\" data-block-weight=\"38\" data-block-id=\"7\">\n<p class=\" content-text__container \" data-track-category=\"Link no Texto\" data-track-links=\"\" data-mrf-recirculation=\"Article links\"><strong>O Censo \u00e9 uma contagem de pessoas e domic\u00edlios, enquanto as proje\u00e7\u00f5es englobam outros indicadores, como taxas de nascimento e mortalidade, para estimar a popula\u00e7\u00e3o e servir como refer\u00eancia para v\u00e1rios indicadores sociais, econ\u00f4micos e demogr\u00e1ficos do pa\u00eds.<\/strong><\/p>\n<\/div>\n<\/div>\n<div id=\"chunk-6auqo\">\n<div class=\"mc-column content-text active-extra-styles \" data-block-type=\"unstyled\" data-block-weight=\"34\" data-block-id=\"8\">\n<p class=\" content-text__container \" data-track-category=\"Link no Texto\" data-track-links=\"\" data-mrf-recirculation=\"Article links\"><strong>Al\u00e9m disso, s\u00e3o um dos par\u00e2metros utilizados pelo\u00a0Tribunal de Contas da Uni\u00e3o\u00a0(TCU) para o c\u00e1lculo dos fundos de participa\u00e7\u00f5es de estados e munic\u00edpios \u2014 por meio dos quais a Uni\u00e3o distribui recursos.<\/strong><\/p>\n<p class=\"mc-column show-table__title\"><strong>Popula\u00e7\u00e3o por estado no Brasil<\/strong><\/p>\n<div class=\"show-table__centralized\">\n<div class=\"show-table__container\">\n<table class=\"show-table__content\n show-table__content--highlight-top show-table__content--highlight-left        \"><\/p>\n<tbody>\n<tr>\n<td><strong>Estado<\/strong><\/td>\n<td><strong>2023<\/strong><\/td>\n<td><strong>2024<\/strong><\/td>\n<td><strong>Varia\u00e7\u00e3o (%)<\/strong><\/td>\n<\/tr>\n<tr>\n<td><strong>S\u00e3o Paulo<\/strong><\/td>\n<td><strong>44.411.238<\/strong><\/td>\n<td><strong>45.973.194<\/strong><\/td>\n<td><strong>3,52%<\/strong><\/td>\n<\/tr>\n<tr>\n<td><strong>Minas Gerais<\/strong><\/td>\n<td><strong>20.538.718<\/strong><\/td>\n<td><strong>21.322.691<\/strong><\/td>\n<td><strong>3,82%<\/strong><\/td>\n<\/tr>\n<tr>\n<td><strong>Rio de Janeiro<\/strong><\/td>\n<td><strong>16.054.524<\/strong><\/td>\n<td><strong>17.219.679<\/strong><\/td>\n<td><strong>7,26%<\/strong><\/td>\n<\/tr>\n<tr>\n<td><strong>Bahia<\/strong><\/td>\n<td><strong>14.141.626<\/strong><\/td>\n<td><strong>14.850.513<\/strong><\/td>\n<td><strong>5,01%<\/strong><\/td>\n<\/tr>\n<tr>\n<td><strong>Paran\u00e1<\/strong><\/td>\n<td><strong>11.444.380<\/strong><\/td>\n<td><strong>11.824.665<\/strong><\/td>\n<td><strong>3,32%<\/strong><\/td>\n<\/tr>\n<tr>\n<td><strong>Rio Grande do Sul<\/strong><\/td>\n<td><strong>10.882.965<\/strong><\/td>\n<td><strong>11.229.915<\/strong><\/td>\n<td><strong>3,19%<\/strong><\/td>\n<\/tr>\n<tr>\n<td><strong>Pernambuco<\/strong><\/td>\n<td><strong>9.058.931<\/strong><\/td>\n<td><strong>9.539.029<\/strong><\/td>\n<td><strong>5,30%<\/strong><\/td>\n<\/tr>\n<tr>\n<td><strong>Cear\u00e1<\/strong><\/td>\n<td><strong>8.794.957<\/strong><\/td>\n<td><strong>9.233.656<\/strong><\/td>\n<td><strong>4,99%<\/strong><\/td>\n<\/tr>\n<tr>\n<td><strong>Par\u00e1<\/strong><\/td>\n<td><strong>8.121.025<\/strong><\/td>\n<td><strong>8.664.306<\/strong><\/td>\n<td><strong>6,69%<\/strong><\/td>\n<\/tr>\n<tr>\n<td><strong>Santa Catarina<\/strong><\/td>\n<td><strong>7.610.361<\/strong><\/td>\n<td><strong>8.058.441<\/strong><\/td>\n<td><strong>5,89%<\/strong><\/td>\n<\/tr>\n<tr>\n<td><strong>Goi\u00e1s<\/strong><\/td>\n<td><strong>7.056.495<\/strong><\/td>\n<td><strong>7.350.483<\/strong><\/td>\n<td><strong>4,17%<\/strong><\/td>\n<\/tr>\n<tr>\n<td><strong>Maranh\u00e3o<\/strong><\/td>\n<td><strong>6.775.805<\/strong><\/td>\n<td><strong>7.010.960<\/strong><\/td>\n<td><strong>3,47%<\/strong><\/td>\n<\/tr>\n<tr>\n<td><strong>Amazonas<\/strong><\/td>\n<td><strong>3.941.613<\/strong><\/td>\n<td><strong>4.281.209<\/strong><\/td>\n<td><strong>8,62%<\/strong><\/td>\n<\/tr>\n<tr>\n<td><strong>Para\u00edba<\/strong><\/td>\n<td><strong>3.974.687<\/strong><\/td>\n<td><strong>4.145.040<\/strong><\/td>\n<td><strong>4,29%<\/strong><\/td>\n<\/tr>\n<tr>\n<td><strong>Esp\u00edrito Santo<\/strong><\/td>\n<td><strong>3.833.712<\/strong><\/td>\n<td><strong>4.102.129<\/strong><\/td>\n<td><strong>7,00%<\/strong><\/td>\n<\/tr>\n<tr>\n<td><strong>Mato Grosso<\/strong><\/td>\n<td><strong>3.658.649<\/strong><\/td>\n<td><strong>3.836.399<\/strong><\/td>\n<td><strong>4,86%<\/strong><\/td>\n<\/tr>\n<tr>\n<td><strong>Rio Grande do Norte<\/strong><\/td>\n<td><strong>3.302.729<\/strong><\/td>\n<td><strong>3.446.071<\/strong><\/td>\n<td><strong>4,34%<\/strong><\/td>\n<\/tr>\n<tr>\n<td><strong>Piau\u00ed<\/strong><\/td>\n<td><strong>3.271.119<\/strong><\/td>\n<td><strong>3.375.646<\/strong><\/td>\n<td><strong>3,20%<\/strong><\/td>\n<\/tr>\n<tr>\n<td><strong>Alagoas<\/strong><\/td>\n<td><strong>3.127.683<\/strong><\/td>\n<td><strong>3.220.104<\/strong><\/td>\n<td><strong>2,95%<\/strong><\/td>\n<\/tr>\n<tr>\n<td><strong>Distrito Federal<\/strong><\/td>\n<td><strong>2.817.381<\/strong><\/td>\n<td><strong>2.982.818<\/strong><\/td>\n<td><strong>5,87%<\/strong><\/td>\n<\/tr>\n<tr>\n<td><strong>Mato Grosso do Sul<\/strong><\/td>\n<td><strong>2.757.013<\/strong><\/td>\n<td><strong>2.901.895<\/strong><\/td>\n<td><strong>5,26%<\/strong><\/td>\n<\/tr>\n<tr>\n<td><strong>Sergipe<\/strong><\/td>\n<td><strong>2.209.558<\/strong><\/td>\n<td><strong>2.291.077<\/strong><\/td>\n<td><strong>3,69%<\/strong><\/td>\n<\/tr>\n<tr>\n<td><strong>Rond\u00f4nia<\/strong><\/td>\n<td><strong>1.581.196<\/strong><\/td>\n<td><strong>1.746.227<\/strong><\/td>\n<td><strong>10,44%<\/strong><\/td>\n<\/tr>\n<tr>\n<td><strong>Tocantins<\/strong><\/td>\n<td><strong>1.511.460<\/strong><\/td>\n<td><strong>1.577.342<\/strong><\/td>\n<td><strong>4,36%<\/strong><\/td>\n<\/tr>\n<tr>\n<td><strong>Acre<\/strong><\/td>\n<td><strong>830.018<\/strong><\/td>\n<td><strong>880.631<\/strong><\/td>\n<td><strong>6,10%<\/strong><\/td>\n<\/tr>\n<tr>\n<td><strong>Amap\u00e1<\/strong><\/td>\n<td><strong>733.759<\/strong><\/td>\n<td><strong>802.837<\/strong><\/td>\n<td><strong>9,41%<\/strong><\/td>\n<\/tr>\n<tr>\n<td><strong>Roraima<\/strong><\/td>\n<td><strong>636.707<\/strong><\/td>\n<td><strong>716.793<\/strong><\/td>\n<td><strong>12,58%<\/strong><\/td>\n<\/tr>\n<\/tbody>\n<\/table>\n<\/div>\n<div class=\"show-table__footer\">\n<div class=\"show-table__source\"><strong>Fonte: IBGE<\/strong><\/div>\n<\/div>\n<\/div>\n<\/div>\n<\/div>\n<\/div>\n<\/div>\n<\/div>\n","protected":false},"excerpt":{"rendered":"<p>A popula\u00e7\u00e3o brasileira \u00e9\u00a0estimada em\u00a0212.583.750 habitantes,\u00a0segundo novos dados divulgados nesta quinta-feira (29) pelo Instituto Brasileiro de Geografia e Estat\u00edstica (IBGE). A estimativa, que revela o total de habitantes em estados e munic\u00edpios, considera a contagem de pessoas at\u00e9 o\u00a0dia 1\u00ba de julho de 2024. As informa\u00e7\u00f5es foram publicadas no Di\u00e1rio Oficial da Uni\u00e3o. A proje\u00e7\u00e3o [&hellip;]<\/p>\n","protected":false},"author":2,"featured_media":118785,"comment_status":"closed","ping_status":"open","sticky":false,"template":"","format":"standard","meta":{"footnotes":"","_links_to":"","_links_to_target":""},"categories":[1],"tags":[],"class_list":["post-118783","post","type-post","status-publish","format-standard","has-post-thumbnail","hentry","category-geral"],"views":754,"_links":{"self":[{"href":"https:\/\/www.sudoestehoje.com.br\/novoportal\/wp-json\/wp\/v2\/posts\/118783","targetHints":{"allow":["GET"]}}],"collection":[{"href":"https:\/\/www.sudoestehoje.com.br\/novoportal\/wp-json\/wp\/v2\/posts"}],"about":[{"href":"https:\/\/www.sudoestehoje.com.br\/novoportal\/wp-json\/wp\/v2\/types\/post"}],"author":[{"embeddable":true,"href":"https:\/\/www.sudoestehoje.com.br\/novoportal\/wp-json\/wp\/v2\/users\/2"}],"replies":[{"embeddable":true,"href":"https:\/\/www.sudoestehoje.com.br\/novoportal\/wp-json\/wp\/v2\/comments?post=118783"}],"version-history":[{"count":4,"href":"https:\/\/www.sudoestehoje.com.br\/novoportal\/wp-json\/wp\/v2\/posts\/118783\/revisions"}],"predecessor-version":[{"id":118788,"href":"https:\/\/www.sudoestehoje.com.br\/novoportal\/wp-json\/wp\/v2\/posts\/118783\/revisions\/118788"}],"wp:featuredmedia":[{"embeddable":true,"href":"https:\/\/www.sudoestehoje.com.br\/novoportal\/wp-json\/wp\/v2\/media\/118785"}],"wp:attachment":[{"href":"https:\/\/www.sudoestehoje.com.br\/novoportal\/wp-json\/wp\/v2\/media?parent=118783"}],"wp:term":[{"taxonomy":"category","embeddable":true,"href":"https:\/\/www.sudoestehoje.com.br\/novoportal\/wp-json\/wp\/v2\/categories?post=118783"},{"taxonomy":"post_tag","embeddable":true,"href":"https:\/\/www.sudoestehoje.com.br\/novoportal\/wp-json\/wp\/v2\/tags?post=118783"}],"curies":[{"name":"wp","href":"https:\/\/api.w.org\/{rel}","templated":true}]}}