
{"id":118724,"date":"2024-08-23T09:49:50","date_gmt":"2024-08-23T12:49:50","guid":{"rendered":"https:\/\/www.sudoestehoje.com.br\/novoportal\/?p=118724"},"modified":"2024-08-23T11:08:31","modified_gmt":"2024-08-23T14:08:31","slug":"quentinhas-campanha-esquentou-e-tem-ate-ameaca-de-morte-contra-candidato","status":"publish","type":"post","link":"https:\/\/www.sudoestehoje.com.br\/novoportal\/2024\/08\/23\/quentinhas-campanha-esquentou-e-tem-ate-ameaca-de-morte-contra-candidato\/","title":{"rendered":"QUENTINHAS | CAMPANHA ESQUENTOU E TEM AT\u00c9 AMEA\u00c7A DE MORTE CONTRA CANDIDATO"},"content":{"rendered":"<p><img loading=\"lazy\" decoding=\"async\" class=\"alignnone wp-image-118727\" src=\"https:\/\/www.sudoestehoje.com.br\/novoportal\/wp-content\/uploads\/2024\/08\/b087fbc9-7971-44c9-b854-e0a5545b1623-1.jpg\" alt=\"\" width=\"550\" height=\"345\"><\/p>\n<p><em><strong>Por Davi Ferraz <\/strong><\/em><\/p>\n<p><strong>A QUEM INTERESSA &#8216;ELIMINAR&#8217; ALFREDO DA DISPUTA?<\/strong><\/p>\n<p><strong>Uma den\u00fancia muito grave, registrada na Pol\u00edcia Federal pelo candidato a prefeito de Itapetinga, Alfredo Cabral, dando conta de uma suposta amea\u00e7a de morte contra sua pessoa, causou medo e arrepios nas pessoas de bem de Itapetinga, que nunca vivenciou situa\u00e7\u00f5es desse n\u00edvel, em toda a sua hist\u00f3ria pol\u00edtica. Por qu\u00ea e a quem interessa tirar Alfredo da disputa? Quem souber me avisa, pra eu ficar bem longe dessa bandidagem&#8230;<\/strong><\/p>\n<p><strong>TENHO UM PALPITE: \u00c9 TIRO SURDO<\/strong><\/p>\n<p><strong>No nossa vasta experi\u00eancia como advogado e pol\u00edtico das antigas, a presen\u00e7a de Alfredo Cabral s\u00f3 incomoda os aloprados, brig\u00f5es e metidos a &#8216;cascas de bala&#8217;, da pr\u00f3pria oposi\u00e7\u00e3o, que est\u00e3o cagando de medo de n\u00e3o serem conduzidos ou reconduzidos para os cargos de vereador. Mas acho que \u00e9 &#8216;tiro surdo&#8217; e n\u00e3o creio que esse tipo de conduta tenha partido da candidata Cida Moura ou do pr\u00f3prio Z\u00e9 Carlos, pessoas pac\u00edficas e civilizadas, mas que nos devem explica\u00e7\u00f5es. N\u00e3o boto minha m\u00e3o no fogo por mais ningu\u00e9m, at\u00e9 porque fui amea\u00e7ado de morte, intimidado e at\u00e9 agredido por alguns maus elementos, no exerc\u00edcio do meu papel de imprensa cr\u00edtica. <\/strong><\/p>\n<p><strong>ALFREDO TIRA MAIS DE 5 MIL VOTOS DA OPOSI\u00c7\u00c3O<\/strong><\/p>\n<p><strong>Pelos seu desempenho em elei\u00e7\u00f5es  anteriores e por candidaturas bem mais fracas da pr\u00f3pria oposicao, devemos admitir que a candidatura de Alfredo Cabral causa um estrago daqueles nas pretens\u00f5es da postulante Cida Moura, do PSD. Cheio de raz\u00e3o, o ex-vereador Alfredo Cabral ficou extremamente magoado com a postura d\u00fabia do seu venerado l\u00edder, o senador Otto Alencar, que fez vista grossa e cruzou os bra\u00e7os na verdadeira &#8216;cachorrada&#8217; que o grupo de seu filho Ottinho fez contra Alfredo, tomando dele o comando do PSD, na ignor\u00e2ncia. Como n\u00e3o \u00e9 de ferro e gosta de fazer pol\u00edtica, Alfredo reorganizou seu grupo em outra sigla, o MOBILIZA, mas mostrou coer\u00eancia, continuando na base do governo do estado. N\u00e3o creio que Alfredo consiga ganhar a elei\u00e7\u00e3o desta vez, mas que vai dar um &#8216;bom esfrega&#8217; na turma de Cida Moura e seu arrogante genro,<\/strong> com certeza vai&#8230;<\/p>\n<p><strong>EDUARDO HAGGE DERRUBA MITO NO MOACIR MOURA<\/strong><\/p>\n<p><strong>Um antigo &#8216;mito&#8217;, criado por partid\u00e1rios do ex-prefeito Z\u00e9 Carlos, conta que o Residencial Moacir Moura, na Nova Itapetinga, seria &#8216;territ\u00f3rio hostil&#8217; para os gabirabas e reduto eleitoral da candidata Cida Moura, que teria &#8216;dado&#8217; casas do programa Minha Casa Minha Vida, do governo federal, aos seus moradores. A afirmativa \u00e9 leviana e atenta contra a intelig\u00eancia e dignidade dos moradores do Moacir Moura, que s\u00e3o livres para escolher seus candidatos, e sabem que &#8216;ningu\u00e9m deu nada de gra\u00e7a&#8217; a eles, que ainda pagam \u00e0 Caixa o financiamento dos seus im\u00f3veis. No &#8216;corpo a corpo&#8217; de ontem \u00e0 tarde, o que se viu foi bem o contr\u00e1rio, com a maioria dos moradores saudando e abra\u00e7ando Eduardo Hagge e Alecio Chaves, com muito respeito, carinho e entusiasmo. Se era reduto de algu\u00e9m, n\u00e3o \u00e9 mais. As fotos est\u00e3o a\u00ed, nos grupos da Internet, para quem quiser ver. <\/strong><\/p>\n<p><strong>Na semana que vem, tem mais&#8230;<\/strong><\/p>\n","protected":false},"excerpt":{"rendered":"<p>Por Davi Ferraz A QUEM INTERESSA &#8216;ELIMINAR&#8217; ALFREDO DA DISPUTA? Uma den\u00fancia muito grave, registrada na Pol\u00edcia Federal pelo candidato a prefeito de Itapetinga, Alfredo Cabral, dando conta de uma suposta amea\u00e7a de morte contra sua pessoa, causou medo e arrepios nas pessoas de bem de Itapetinga, que nunca vivenciou situa\u00e7\u00f5es desse n\u00edvel, em toda [&hellip;]<\/p>\n","protected":false},"author":2,"featured_media":118727,"comment_status":"closed","ping_status":"open","sticky":false,"template":"","format":"standard","meta":{"footnotes":"","_links_to":"","_links_to_target":""},"categories":[1],"tags":[],"class_list":["post-118724","post","type-post","status-publish","format-standard","has-post-thumbnail","hentry","category-geral"],"views":1576,"_links":{"self":[{"href":"https:\/\/www.sudoestehoje.com.br\/novoportal\/wp-json\/wp\/v2\/posts\/118724","targetHints":{"allow":["GET"]}}],"collection":[{"href":"https:\/\/www.sudoestehoje.com.br\/novoportal\/wp-json\/wp\/v2\/posts"}],"about":[{"href":"https:\/\/www.sudoestehoje.com.br\/novoportal\/wp-json\/wp\/v2\/types\/post"}],"author":[{"embeddable":true,"href":"https:\/\/www.sudoestehoje.com.br\/novoportal\/wp-json\/wp\/v2\/users\/2"}],"replies":[{"embeddable":true,"href":"https:\/\/www.sudoestehoje.com.br\/novoportal\/wp-json\/wp\/v2\/comments?post=118724"}],"version-history":[{"count":10,"href":"https:\/\/www.sudoestehoje.com.br\/novoportal\/wp-json\/wp\/v2\/posts\/118724\/revisions"}],"predecessor-version":[{"id":118735,"href":"https:\/\/www.sudoestehoje.com.br\/novoportal\/wp-json\/wp\/v2\/posts\/118724\/revisions\/118735"}],"wp:featuredmedia":[{"embeddable":true,"href":"https:\/\/www.sudoestehoje.com.br\/novoportal\/wp-json\/wp\/v2\/media\/118727"}],"wp:attachment":[{"href":"https:\/\/www.sudoestehoje.com.br\/novoportal\/wp-json\/wp\/v2\/media?parent=118724"}],"wp:term":[{"taxonomy":"category","embeddable":true,"href":"https:\/\/www.sudoestehoje.com.br\/novoportal\/wp-json\/wp\/v2\/categories?post=118724"},{"taxonomy":"post_tag","embeddable":true,"href":"https:\/\/www.sudoestehoje.com.br\/novoportal\/wp-json\/wp\/v2\/tags?post=118724"}],"curies":[{"name":"wp","href":"https:\/\/api.w.org\/{rel}","templated":true}]}}