
{"id":118705,"date":"2024-08-21T11:23:08","date_gmt":"2024-08-21T14:23:08","guid":{"rendered":"https:\/\/www.sudoestehoje.com.br\/novoportal\/?p=118705"},"modified":"2024-08-21T11:39:27","modified_gmt":"2024-08-21T14:39:27","slug":"em-entrevista-coletiva-prefeito-rodrigo-garante-abertura-do-hvh-na-proxima-segunda-26","status":"publish","type":"post","link":"https:\/\/www.sudoestehoje.com.br\/novoportal\/2024\/08\/21\/em-entrevista-coletiva-prefeito-rodrigo-garante-abertura-do-hvh-na-proxima-segunda-26\/","title":{"rendered":"EM ENTREVISTA COLETIVA, PREFEITO RODRIGO HAGGE GARANTE ABERTURA DO HVH NA PR\u00d3XIMA SEGUNDA (26)"},"content":{"rendered":"<p><img loading=\"lazy\" decoding=\"async\" class=\"alignnone wp-image-118707\" src=\"https:\/\/www.sudoestehoje.com.br\/novoportal\/wp-content\/uploads\/2024\/08\/WhatsApp-Image-2024-08-21-at-11.19.15-600x338.jpeg\" alt=\"\" width=\"550\" height=\"310\" srcset=\"https:\/\/www.sudoestehoje.com.br\/novoportal\/wp-content\/uploads\/2024\/08\/WhatsApp-Image-2024-08-21-at-11.19.15-600x338.jpeg 600w, https:\/\/www.sudoestehoje.com.br\/novoportal\/wp-content\/uploads\/2024\/08\/WhatsApp-Image-2024-08-21-at-11.19.15-700x394.jpeg 700w, https:\/\/www.sudoestehoje.com.br\/novoportal\/wp-content\/uploads\/2024\/08\/WhatsApp-Image-2024-08-21-at-11.19.15-768x432.jpeg 768w, https:\/\/www.sudoestehoje.com.br\/novoportal\/wp-content\/uploads\/2024\/08\/WhatsApp-Image-2024-08-21-at-11.19.15-1536x865.jpeg 1536w, https:\/\/www.sudoestehoje.com.br\/novoportal\/wp-content\/uploads\/2024\/08\/WhatsApp-Image-2024-08-21-at-11.19.15.jpeg 1600w\" sizes=\"auto, (max-width: 550px) 100vw, 550px\" \/><\/p>\n<p><strong>Com inaugura\u00e7\u00e3o prevista para esta quarta-feira (21), o Hospital Municipal Virg\u00ednia Hagge entrar\u00e1 em funcionamento j\u00e1 na pr\u00f3xima segunda (26), conforme garantiu o prefeito Rodrigo Hagge, em entrevista coletiva \u00e0 imprensa local, nesta manh\u00e3.<\/strong><\/p>\n<p><strong>Ao ser questionado sobre boatos de que o hospital seria apenas uma obra &#8216;eleitoreira&#8217;, o prefeito de Itapetinga foi categ\u00f3rico e garantiu a abertura imediata e o funcionamento do hospital, j\u00e1 na pr\u00f3xima semana, ap\u00f3s procedimento de desinfec\u00e7\u00e3o, dentre outros, que s\u00e3o obrigat\u00f3rios antes da abertura de qualquer unidade hospitalar.<\/strong><\/p>\n<p><strong>POLICL\u00cdNICA MUNICIPAL<\/strong><\/p>\n<p><strong>Na entrevista que contou com a participa\u00e7\u00e3o da secret\u00e1ria de sa\u00fade Rosania Rabelo e corpo de coordena\u00e7\u00e3o do HVH, o prefeito lembrou que, al\u00e9m do hospital, tamb\u00e9m ser\u00e1 inaugurada a Policl\u00ednica Municipal, totalmente equipada e atualizada, anexa ao Virg\u00ednia Hagge, com in\u00fameras especialidades.<\/strong><\/p>\n<p><strong>A inaugura\u00e7\u00e3o est\u00e1 prevista para as 17h, desta quarta.<\/strong><\/p>\n<p><strong>Por Davi Ferraz<\/strong><\/p>\n","protected":false},"excerpt":{"rendered":"<p>Com inaugura\u00e7\u00e3o prevista para esta quarta-feira (21), o Hospital Municipal Virg\u00ednia Hagge entrar\u00e1 em funcionamento j\u00e1 na pr\u00f3xima segunda (26), conforme garantiu o prefeito Rodrigo Hagge, em entrevista coletiva \u00e0 imprensa local, nesta manh\u00e3. Ao ser questionado sobre boatos de que o hospital seria apenas uma obra &#8216;eleitoreira&#8217;, o prefeito de Itapetinga foi categ\u00f3rico e [&hellip;]<\/p>\n","protected":false},"author":2,"featured_media":118707,"comment_status":"closed","ping_status":"open","sticky":false,"template":"","format":"standard","meta":{"footnotes":"","_links_to":"","_links_to_target":""},"categories":[1],"tags":[],"class_list":["post-118705","post","type-post","status-publish","format-standard","has-post-thumbnail","hentry","category-geral"],"views":857,"_links":{"self":[{"href":"https:\/\/www.sudoestehoje.com.br\/novoportal\/wp-json\/wp\/v2\/posts\/118705","targetHints":{"allow":["GET"]}}],"collection":[{"href":"https:\/\/www.sudoestehoje.com.br\/novoportal\/wp-json\/wp\/v2\/posts"}],"about":[{"href":"https:\/\/www.sudoestehoje.com.br\/novoportal\/wp-json\/wp\/v2\/types\/post"}],"author":[{"embeddable":true,"href":"https:\/\/www.sudoestehoje.com.br\/novoportal\/wp-json\/wp\/v2\/users\/2"}],"replies":[{"embeddable":true,"href":"https:\/\/www.sudoestehoje.com.br\/novoportal\/wp-json\/wp\/v2\/comments?post=118705"}],"version-history":[{"count":4,"href":"https:\/\/www.sudoestehoje.com.br\/novoportal\/wp-json\/wp\/v2\/posts\/118705\/revisions"}],"predecessor-version":[{"id":118710,"href":"https:\/\/www.sudoestehoje.com.br\/novoportal\/wp-json\/wp\/v2\/posts\/118705\/revisions\/118710"}],"wp:featuredmedia":[{"embeddable":true,"href":"https:\/\/www.sudoestehoje.com.br\/novoportal\/wp-json\/wp\/v2\/media\/118707"}],"wp:attachment":[{"href":"https:\/\/www.sudoestehoje.com.br\/novoportal\/wp-json\/wp\/v2\/media?parent=118705"}],"wp:term":[{"taxonomy":"category","embeddable":true,"href":"https:\/\/www.sudoestehoje.com.br\/novoportal\/wp-json\/wp\/v2\/categories?post=118705"},{"taxonomy":"post_tag","embeddable":true,"href":"https:\/\/www.sudoestehoje.com.br\/novoportal\/wp-json\/wp\/v2\/tags?post=118705"}],"curies":[{"name":"wp","href":"https:\/\/api.w.org\/{rel}","templated":true}]}}