
{"id":118652,"date":"2024-08-19T09:50:28","date_gmt":"2024-08-19T12:50:28","guid":{"rendered":"https:\/\/www.sudoestehoje.com.br\/novoportal\/?p=118652"},"modified":"2024-08-19T10:05:32","modified_gmt":"2024-08-19T13:05:32","slug":"eleicoes-federacao-pt-pcdob-e-pv-pensa-em-eleger-2-vereadores-pcdob-quer-1","status":"publish","type":"post","link":"https:\/\/www.sudoestehoje.com.br\/novoportal\/2024\/08\/19\/eleicoes-federacao-pt-pcdob-e-pv-pensa-em-eleger-2-vereadores-pcdob-quer-1\/","title":{"rendered":"ELEI\u00c7\u00d5ES | FEDERA\u00c7\u00c3O PT, PCdoB PENSA EM ELEGER 2 VEREADORES; PCdoB QUER 1"},"content":{"rendered":"<p><img loading=\"lazy\" decoding=\"async\" class=\" wp-image-118654\" src=\"https:\/\/www.sudoestehoje.com.br\/novoportal\/wp-content\/uploads\/2024\/08\/a-pta-a-300x200-1.jpg\" alt=\"\" width=\"549\" height=\"366\" \/><\/p>\n<p><strong>Com 14 candidatos registrados no TSE, a Federa\u00e7\u00e3o PT\/PCdoB\/PV, vai enfrentar um grande desafio para fazer uma bancada expressiva na c\u00e2mara de vereadores de Itapetinga, nas elei\u00e7\u00f5es municipais de outubro.<\/strong><\/p>\n<p><strong>Contando apenas com candidatos do PT e PCdoB, j\u00e1 que o PV n\u00e3o lan\u00e7ou candidaturas, a federa\u00e7\u00e3o de esquerda pretende eleger dois vereadores, no entanto enfrenta forte concorr\u00eancia dentro do pr\u00f3prio grupo da candidata Cida Moura (PSD), que prioriza seus candidatos, em detrimento do PT e PCdoB.<\/strong><\/p>\n<p><strong>Para piorar, o candidato a vice Jo\u00e3o de Deus prioriza uma das duas candidatas com mais chances de elei\u00e7\u00e3o pelo PT, usando o PCdoB apenas para &#8216;engrossar o caldo&#8217;, como se costuma dizer no jarg\u00e3o pol\u00edtico.<\/strong><\/p>\n<p><strong>Assim, PT e PCdoB juntos tem chance de conquistar apenas uma das cadeiras na c\u00e2mara, vez que conta com um n\u00famero muito reduzido de candidatos de express\u00e3o eleitoral e levando em conta o quociente eleitoral, que \u00e9 muito alto (acima de 2.500 votos).<\/strong><\/p>\n<p><strong>Na totalidade, os partidos que apoiam a candidata Cida Moura dever\u00e3o eleger 4 ou 5 vereadores, de acordo com estimativas do Sudoeste Hoje, ap\u00f3s ouvir experientes analistas pol\u00edticos locais, a depender do desempenho da chapa majorit\u00e1ria; Confira lista:<\/strong><\/p>\n<p><strong>CANDIDATOS DO PT<\/strong><\/p>\n<p><strong>1 &#8211; Aida Barbosa<\/strong><\/p>\n<p><strong>2 &#8211; B\u00e1rbara Matos<\/strong><\/p>\n<p><strong>3 &#8211; Denis do Primavera<\/strong><\/p>\n<p><strong>4 &#8211; Maikon Net<\/strong><\/p>\n<p><strong>5 &#8211; Marcelo<\/strong><\/p>\n<p><strong>6 &#8211; Professor Luciano de Maria<\/strong><\/p>\n<p><strong>7 -Sibele<\/strong><\/p>\n<p><strong>8 &#8211; To do Sal\u00e3o<\/strong><\/p>\n<p><strong>9 &#8211; Zai<\/strong><\/p>\n<p><strong>CANDIDATOS DO PCdoB<\/strong><\/p>\n<p><strong>1 &#8211; Eliete<\/strong><\/p>\n<p><strong>2 &#8211; Marcos<\/strong><\/p>\n<p><strong>3 &#8211; Professor Renan<\/strong><\/p>\n<p><strong>4 &#8211; Vande da Sa\u00fade<\/strong><\/p>\n<p><strong>5 &#8211; Z\u00e9 Cabelinho<\/strong><\/p>\n<p><strong>Por Davi Ferraz<\/strong><\/p>\n","protected":false},"excerpt":{"rendered":"<p>Com 14 candidatos registrados no TSE, a Federa\u00e7\u00e3o PT\/PCdoB\/PV, vai enfrentar um grande desafio para fazer uma bancada expressiva na c\u00e2mara de vereadores de Itapetinga, nas elei\u00e7\u00f5es municipais de outubro. Contando apenas com candidatos do PT e PCdoB, j\u00e1 que o PV n\u00e3o lan\u00e7ou candidaturas, a federa\u00e7\u00e3o de esquerda pretende eleger dois vereadores, no entanto [&hellip;]<\/p>\n","protected":false},"author":2,"featured_media":118654,"comment_status":"closed","ping_status":"open","sticky":false,"template":"","format":"standard","meta":{"footnotes":"","_links_to":"","_links_to_target":""},"categories":[1],"tags":[],"class_list":["post-118652","post","type-post","status-publish","format-standard","has-post-thumbnail","hentry","category-geral"],"views":1309,"_links":{"self":[{"href":"https:\/\/www.sudoestehoje.com.br\/novoportal\/wp-json\/wp\/v2\/posts\/118652","targetHints":{"allow":["GET"]}}],"collection":[{"href":"https:\/\/www.sudoestehoje.com.br\/novoportal\/wp-json\/wp\/v2\/posts"}],"about":[{"href":"https:\/\/www.sudoestehoje.com.br\/novoportal\/wp-json\/wp\/v2\/types\/post"}],"author":[{"embeddable":true,"href":"https:\/\/www.sudoestehoje.com.br\/novoportal\/wp-json\/wp\/v2\/users\/2"}],"replies":[{"embeddable":true,"href":"https:\/\/www.sudoestehoje.com.br\/novoportal\/wp-json\/wp\/v2\/comments?post=118652"}],"version-history":[{"count":6,"href":"https:\/\/www.sudoestehoje.com.br\/novoportal\/wp-json\/wp\/v2\/posts\/118652\/revisions"}],"predecessor-version":[{"id":118659,"href":"https:\/\/www.sudoestehoje.com.br\/novoportal\/wp-json\/wp\/v2\/posts\/118652\/revisions\/118659"}],"wp:featuredmedia":[{"embeddable":true,"href":"https:\/\/www.sudoestehoje.com.br\/novoportal\/wp-json\/wp\/v2\/media\/118654"}],"wp:attachment":[{"href":"https:\/\/www.sudoestehoje.com.br\/novoportal\/wp-json\/wp\/v2\/media?parent=118652"}],"wp:term":[{"taxonomy":"category","embeddable":true,"href":"https:\/\/www.sudoestehoje.com.br\/novoportal\/wp-json\/wp\/v2\/categories?post=118652"},{"taxonomy":"post_tag","embeddable":true,"href":"https:\/\/www.sudoestehoje.com.br\/novoportal\/wp-json\/wp\/v2\/tags?post=118652"}],"curies":[{"name":"wp","href":"https:\/\/api.w.org\/{rel}","templated":true}]}}