
{"id":118611,"date":"2024-08-17T21:05:02","date_gmt":"2024-08-18T00:05:02","guid":{"rendered":"https:\/\/www.sudoestehoje.com.br\/novoportal\/?p=118611"},"modified":"2024-08-17T21:05:54","modified_gmt":"2024-08-18T00:05:54","slug":"__trashed-7","status":"publish","type":"post","link":"https:\/\/www.sudoestehoje.com.br\/novoportal\/2024\/08\/17\/__trashed-7\/","title":{"rendered":"ELEI\u00c7\u00d5ES | COM APENAS 12 CANDIDATOS, PSD DE CIDA MOURA LUTA PARA ELEGER 2 VEREADORES"},"content":{"rendered":"<p><img loading=\"lazy\" decoding=\"async\" class=\"alignnone wp-image-118613\" src=\"https:\/\/www.sudoestehoje.com.br\/novoportal\/wp-content\/uploads\/2024\/08\/cida-e-todos.jpg\" alt=\"\" width=\"549\" height=\"412\" \/><\/p>\n<p><strong>Prejudicado pela fuga em massa de filiados ao assumir o controle do PSD, em Itapetinga, o grupo da candidata a prefeita Cida Moura ainda amarga o esvaziamento do partido, tendo que se reinventar, de \u00faltima hora, para compor uma chapa proporcional competitiva.<\/strong><\/p>\n<p><strong>Cida e seus aliados fizeram o que foi poss\u00edvel, mas n\u00e3o conseguiram preencher as 16 vagas disponibilizadas para cada partido. Com apenas 4 nomes de relativo destaque, a chapa do PSD ter\u00e1 dificuldade de obter quociente eleitoral para eleger mais de 2 vereadores, independente do desempenho da chapa majorit\u00e1ria, j\u00e1 que o seu vice faz campanha para os candidatos do PT.<\/strong><\/p>\n<p><strong>Confira os nomes dos candidatos a vereador pelo o PSD:<\/strong><\/p>\n<p><strong>1 &#8211; Black Power<\/strong><\/p>\n<p><strong>2 &#8211; Bruno Silveira<\/strong><\/p>\n<p><strong>3 &#8211; Daniel Agrovila Catol\u00e9<\/strong><\/p>\n<p><strong>4 &#8211; Diga Diga<\/strong><\/p>\n<p><strong>5 &#8211; Evilyn Peruna<\/strong><\/p>\n<p><strong>6 &#8211; Janinne Odara<\/strong><\/p>\n<p><strong>7 &#8211; Luizinho da Muleta<\/strong><\/p>\n<p><strong>8 &#8211; Meire da Sa\u00fade<\/strong><\/p>\n<p><strong>9 &#8211; Messias da Nova<\/strong><\/p>\n<p><strong>10 &#8211; Sidnei do Sindicato<\/strong><\/p>\n<p><strong>11 &#8211; Tiquinho Nogueira<\/strong><\/p>\n<p><strong>12 &#8211; Valdeir Chagas<\/strong><\/p>\n<p><strong>Reda\u00e7\u00e3o SH<\/strong><\/p>\n","protected":false},"excerpt":{"rendered":"<p>Prejudicado pela fuga em massa de filiados ao assumir o controle do PSD, em Itapetinga, o grupo da candidata a prefeita Cida Moura ainda amarga o esvaziamento do partido, tendo que se reinventar, de \u00faltima hora, para compor uma chapa proporcional competitiva. Cida e seus aliados fizeram o que foi poss\u00edvel, mas n\u00e3o conseguiram preencher [&hellip;]<\/p>\n","protected":false},"author":2,"featured_media":118613,"comment_status":"closed","ping_status":"open","sticky":false,"template":"","format":"standard","meta":{"footnotes":"","_links_to":"","_links_to_target":""},"categories":[1],"tags":[],"class_list":["post-118611","post","type-post","status-publish","format-standard","has-post-thumbnail","hentry","category-geral"],"views":934,"_links":{"self":[{"href":"https:\/\/www.sudoestehoje.com.br\/novoportal\/wp-json\/wp\/v2\/posts\/118611","targetHints":{"allow":["GET"]}}],"collection":[{"href":"https:\/\/www.sudoestehoje.com.br\/novoportal\/wp-json\/wp\/v2\/posts"}],"about":[{"href":"https:\/\/www.sudoestehoje.com.br\/novoportal\/wp-json\/wp\/v2\/types\/post"}],"author":[{"embeddable":true,"href":"https:\/\/www.sudoestehoje.com.br\/novoportal\/wp-json\/wp\/v2\/users\/2"}],"replies":[{"embeddable":true,"href":"https:\/\/www.sudoestehoje.com.br\/novoportal\/wp-json\/wp\/v2\/comments?post=118611"}],"version-history":[{"count":3,"href":"https:\/\/www.sudoestehoje.com.br\/novoportal\/wp-json\/wp\/v2\/posts\/118611\/revisions"}],"predecessor-version":[{"id":118615,"href":"https:\/\/www.sudoestehoje.com.br\/novoportal\/wp-json\/wp\/v2\/posts\/118611\/revisions\/118615"}],"wp:featuredmedia":[{"embeddable":true,"href":"https:\/\/www.sudoestehoje.com.br\/novoportal\/wp-json\/wp\/v2\/media\/118613"}],"wp:attachment":[{"href":"https:\/\/www.sudoestehoje.com.br\/novoportal\/wp-json\/wp\/v2\/media?parent=118611"}],"wp:term":[{"taxonomy":"category","embeddable":true,"href":"https:\/\/www.sudoestehoje.com.br\/novoportal\/wp-json\/wp\/v2\/categories?post=118611"},{"taxonomy":"post_tag","embeddable":true,"href":"https:\/\/www.sudoestehoje.com.br\/novoportal\/wp-json\/wp\/v2\/tags?post=118611"}],"curies":[{"name":"wp","href":"https:\/\/api.w.org\/{rel}","templated":true}]}}