
{"id":11861,"date":"2012-01-07T23:27:19","date_gmt":"2012-01-08T02:27:19","guid":{"rendered":"http:\/\/www.sudoestehoje.com.br\/novoportal\/?p=11861"},"modified":"2012-01-07T23:27:19","modified_gmt":"2012-01-08T02:27:19","slug":"acidente-em-feira-mata-duas-brumadenses","status":"publish","type":"post","link":"https:\/\/www.sudoestehoje.com.br\/novoportal\/2012\/01\/07\/acidente-em-feira-mata-duas-brumadenses\/","title":{"rendered":"ACIDENTE EM FEIRA MATA DUAS BRUMADENSES"},"content":{"rendered":"<p style=\"text-align: center;\"><img decoding=\"async\" class=\"aligncenter\" src=\"http:\/\/blogdofabiosena.com.br\/v1\/wp-content\/uploads\/2012\/01\/acorda-cidade.jpg\" alt=\"\" width=\"400\" \/><\/p>\n<p style=\"text-align: center;\"><strong><em>Acidente foi provocado por bandidos durante uma persegui\u00e7\u00e3o policial<\/em><\/strong><\/p>\n<p>FEIRA DE SANTANA: Por volta das 21h desta sexta-feira (06), duas brumadenses morreram e cinco pessoas ficaram feridas, entre elas duas crian\u00e7as, em um grave acidente em Feira de Santana.\u00a0 Segundo informou o subcomandante do Comando de Policiamento Regional Leste (CPRL), Adem\u00e1rio Xavier, o acidente foi provocado por Luiz Cl\u00e1udio, 33 anos, acusado de roubo de ve\u00edculos, que invadiu o sinal enquanto fugia da pol\u00edcia.<\/p>\n<p style=\"text-align: center;\"><img decoding=\"async\" class=\"aligncenter\" src=\"http:\/\/blogdofabiosena.com.br\/v1\/wp-content\/uploads\/2012\/01\/A-advogada-Poliana-Silva-Pinto-Ferreira-27-anos-n%C3%A3o-resistiu-aos-ferimentos-e-morreu-na-hora-Foto-Lay-Amorim-Brumado-Not%C3%ADcias.jpg\" alt=\"\" width=\"400\" \/><\/p>\n<p style=\"text-align: center;\"><strong><em>A advogada Poliana Silva Pinto Ferreira, 27 anos, n\u00e3o resistiu aos ferimentos e morreu na hora. (Foto Lay Amorim Brumado Not\u00edcias)<\/em><\/strong><\/p>\n<p>Luiz Cl\u00e1udio estava em uma Ranger roubada com mais tr\u00eas comparsas quando, em abordagem policial, evadiu-se do local. Na persegui\u00e7\u00e3o, a Ranger colidiu contra um autom\u00f3vel Honda Civic, no qual haviam sete pessoas, entre elas a advogada Poliana Silva Pinto Ferreira, 27 anos, e Thais Horana Monteiro Ata\u00edde, 19 anos, naturais de Brumado, que morreram ainda no local do acidente.<\/p>\n<p style=\"text-align: center;\"><img decoding=\"async\" class=\"aligncenter\" src=\"http:\/\/blogdofabiosena.com.br\/v1\/wp-content\/uploads\/2012\/01\/thais.jpg\" alt=\"\" width=\"400\" \/><\/p>\n<p style=\"text-align: center;\"><strong>A jovem Thais Horana Monteiro Ata\u00edde, 19 anos, tamb\u00e9m morreu no local do acidente. (Foto: Facebook).<\/strong><\/p>\n<p>Duas crian\u00e7as foram socorridas e encaminhadas ao Hospital Estadual da Crian\u00e7a, uma em estado grave. Os quatro adultos que tamb\u00e9m estavam no carro atingido foram socorridos e atendidos em Hospitais pr\u00f3ximos \u00e0 regi\u00e3o. Luiz Cl\u00e1udio e os demais bandidos est\u00e3o presos.<\/p>\n<p><strong>Brumado Not\u00edcias.<\/strong><\/p>\n","protected":false},"excerpt":{"rendered":"<p>Acidente foi provocado por bandidos durante uma persegui\u00e7\u00e3o policial FEIRA DE SANTANA: Por volta das 21h desta sexta-feira (06), duas brumadenses morreram e cinco pessoas ficaram feridas, entre elas duas crian\u00e7as, em um grave acidente em Feira de Santana.\u00a0 Segundo informou o subcomandante do Comando de Policiamento Regional Leste (CPRL), Adem\u00e1rio Xavier, o acidente foi [&hellip;]<\/p>\n","protected":false},"author":2,"featured_media":0,"comment_status":"open","ping_status":"open","sticky":false,"template":"","format":"standard","meta":{"footnotes":"","_links_to":"","_links_to_target":""},"categories":[1],"tags":[],"class_list":["post-11861","post","type-post","status-publish","format-standard","hentry","category-geral"],"views":3126,"_links":{"self":[{"href":"https:\/\/www.sudoestehoje.com.br\/novoportal\/wp-json\/wp\/v2\/posts\/11861","targetHints":{"allow":["GET"]}}],"collection":[{"href":"https:\/\/www.sudoestehoje.com.br\/novoportal\/wp-json\/wp\/v2\/posts"}],"about":[{"href":"https:\/\/www.sudoestehoje.com.br\/novoportal\/wp-json\/wp\/v2\/types\/post"}],"author":[{"embeddable":true,"href":"https:\/\/www.sudoestehoje.com.br\/novoportal\/wp-json\/wp\/v2\/users\/2"}],"replies":[{"embeddable":true,"href":"https:\/\/www.sudoestehoje.com.br\/novoportal\/wp-json\/wp\/v2\/comments?post=11861"}],"version-history":[{"count":3,"href":"https:\/\/www.sudoestehoje.com.br\/novoportal\/wp-json\/wp\/v2\/posts\/11861\/revisions"}],"predecessor-version":[{"id":11864,"href":"https:\/\/www.sudoestehoje.com.br\/novoportal\/wp-json\/wp\/v2\/posts\/11861\/revisions\/11864"}],"wp:attachment":[{"href":"https:\/\/www.sudoestehoje.com.br\/novoportal\/wp-json\/wp\/v2\/media?parent=11861"}],"wp:term":[{"taxonomy":"category","embeddable":true,"href":"https:\/\/www.sudoestehoje.com.br\/novoportal\/wp-json\/wp\/v2\/categories?post=11861"},{"taxonomy":"post_tag","embeddable":true,"href":"https:\/\/www.sudoestehoje.com.br\/novoportal\/wp-json\/wp\/v2\/tags?post=11861"}],"curies":[{"name":"wp","href":"https:\/\/api.w.org\/{rel}","templated":true}]}}