
{"id":118604,"date":"2024-08-17T18:59:38","date_gmt":"2024-08-17T21:59:38","guid":{"rendered":"https:\/\/www.sudoestehoje.com.br\/novoportal\/?p=118604"},"modified":"2024-08-17T19:00:26","modified_gmt":"2024-08-17T22:00:26","slug":"funeral-de-silvio-santos-sera-fechado-e-seguira-ritual-judaico-diz-familia","status":"publish","type":"post","link":"https:\/\/www.sudoestehoje.com.br\/novoportal\/2024\/08\/17\/funeral-de-silvio-santos-sera-fechado-e-seguira-ritual-judaico-diz-familia\/","title":{"rendered":"FUNERAL DE SILVIO SANTOS SER\u00c1 FECHADO E SEGUIR\u00c1 RITUAL JUDAICO, DIZ FAM\u00cdLIA"},"content":{"rendered":"<div id=\"chunk-3pp7g\">\n<div class=\"mc-column content-text active-extra-styles \" data-block-type=\"unstyled\" data-block-weight=\"24\" data-block-id=\"3\">\n<p data-track-category=\"Link no Texto\" data-track-links=\"\" data-mrf-recirculation=\"Article links\"><img loading=\"lazy\" decoding=\"async\" class=\"alignnone wp-image-118605\" src=\"https:\/\/www.sudoestehoje.com.br\/novoportal\/wp-content\/uploads\/2024\/08\/silvio-santos-1721244520074_v2_900x506-600x337.jpg\" alt=\"\" width=\"550\" height=\"309\" srcset=\"https:\/\/www.sudoestehoje.com.br\/novoportal\/wp-content\/uploads\/2024\/08\/silvio-santos-1721244520074_v2_900x506-600x337.jpg 600w, https:\/\/www.sudoestehoje.com.br\/novoportal\/wp-content\/uploads\/2024\/08\/silvio-santos-1721244520074_v2_900x506-700x394.jpg 700w, https:\/\/www.sudoestehoje.com.br\/novoportal\/wp-content\/uploads\/2024\/08\/silvio-santos-1721244520074_v2_900x506-768x432.jpg 768w, https:\/\/www.sudoestehoje.com.br\/novoportal\/wp-content\/uploads\/2024\/08\/silvio-santos-1721244520074_v2_900x506.jpg 900w\" sizes=\"auto, (max-width: 550px) 100vw, 550px\" \/><\/p>\n<p class=\" content-text__container \" data-track-category=\"Link no Texto\" data-track-links=\"\" data-mrf-recirculation=\"Article links\"><strong>Silvio Santos morreu aos 93 anos, neste s\u00e1bado (17), em S\u00e3o Paulo, em decorr\u00eancia de uma broncopneumonia ap\u00f3s infec\u00e7\u00e3o por influenza A (H1N1).<\/strong><\/p>\n<\/div>\n<\/div>\n<div class=\"wall protected-content\">\n<div id=\"chunk-f99lk\">\n<div class=\"mc-column content-text active-extra-styles \" data-block-type=\"unstyled\" data-block-weight=\"50\" data-block-id=\"5\">\n<p class=\" content-text__container \" data-track-category=\"Link no Texto\" data-track-links=\"\" data-mrf-recirculation=\"Article links\"><strong>Silvio foi o nome mais importante do entretenimento da televis\u00e3o brasileira, em especial \u00e0 frente do Programa Silvio Santos, que comandou a partir de 1963. Foi, tamb\u00e9m, dono de um conglomerado bilion\u00e1rio criador de marcas como Jequiti, Tele Sena e Ba\u00fa da Felicidade &#8211; al\u00e9m das emissoras TVS e SBT.<\/strong><\/p>\n<div id=\"chunk-1tp3r\">\n<div class=\"mc-column content-text active-extra-styles \" data-block-type=\"unstyled\" data-block-weight=\"34\" data-block-id=\"8\">\n<p class=\" content-text__container \" data-track-category=\"Link no Texto\" data-track-links=\"\" data-mrf-recirculation=\"Article links\"><strong>Em julho, Silvio foi internado no Hospital Albert Einstein, na capital paulista, para se recuperar do H1N1. Teve alta dois dias depois. Em 1\u00ba de agosto do mesmo ano, voltou a ser hospitalizado.<\/strong><\/p>\n<\/div>\n<\/div>\n<div id=\"chunk-3ph99\">\n<div class=\"mc-column content-text active-extra-styles \" data-block-type=\"unstyled\" data-block-weight=\"54\" data-block-id=\"9\">\n<p class=\" content-text__container \" data-track-category=\"Link no Texto\" data-track-links=\"\" data-mrf-recirculation=\"Article links\"><strong>Silvio faleceu \u00e0s 4h50 deste s\u00e1bado (17), segundo o hospital. O apresentador deixa a vi\u00fava \u00cdris Abravanel, com quem era casado desde 1978, seis filhas &#8211; Daniela, Patr\u00edcia, Rebeca e Renata, do casamento com \u00cdris; e C\u00edntia e Silvia, do primeiro casamento, com Cidinha, que morreu em 1977 -, 14 netos e 4 bisnetos.<\/strong><\/p>\n<\/div>\n<\/div>\n<div id=\"chunk-7c4qf\">\n<div class=\"mc-column content-text active-extra-styles \" data-block-type=\"unstyled\" data-block-weight=\"22\" data-block-id=\"10\">\n<p class=\" content-text__container \" data-track-category=\"Link no Texto\" data-track-links=\"\" data-mrf-recirculation=\"Article links\"><strong>N\u00e3o haver\u00e1 vel\u00f3rio &#8211; apenas uma cerim\u00f4nia judaica para fam\u00edlia e amigos mais pr\u00f3ximos, em um cemit\u00e9rio israelita, a pedido do apresentador.<\/strong><\/p>\n<\/div>\n<\/div>\n<\/div>\n<\/div>\n<\/div>\n","protected":false},"excerpt":{"rendered":"<p>Silvio Santos morreu aos 93 anos, neste s\u00e1bado (17), em S\u00e3o Paulo, em decorr\u00eancia de uma broncopneumonia ap\u00f3s infec\u00e7\u00e3o por influenza A (H1N1). Silvio foi o nome mais importante do entretenimento da televis\u00e3o brasileira, em especial \u00e0 frente do Programa Silvio Santos, que comandou a partir de 1963. Foi, tamb\u00e9m, dono de um conglomerado bilion\u00e1rio [&hellip;]<\/p>\n","protected":false},"author":2,"featured_media":118605,"comment_status":"closed","ping_status":"open","sticky":false,"template":"","format":"standard","meta":{"footnotes":"","_links_to":"","_links_to_target":""},"categories":[1],"tags":[],"class_list":["post-118604","post","type-post","status-publish","format-standard","has-post-thumbnail","hentry","category-geral"],"views":610,"_links":{"self":[{"href":"https:\/\/www.sudoestehoje.com.br\/novoportal\/wp-json\/wp\/v2\/posts\/118604","targetHints":{"allow":["GET"]}}],"collection":[{"href":"https:\/\/www.sudoestehoje.com.br\/novoportal\/wp-json\/wp\/v2\/posts"}],"about":[{"href":"https:\/\/www.sudoestehoje.com.br\/novoportal\/wp-json\/wp\/v2\/types\/post"}],"author":[{"embeddable":true,"href":"https:\/\/www.sudoestehoje.com.br\/novoportal\/wp-json\/wp\/v2\/users\/2"}],"replies":[{"embeddable":true,"href":"https:\/\/www.sudoestehoje.com.br\/novoportal\/wp-json\/wp\/v2\/comments?post=118604"}],"version-history":[{"count":1,"href":"https:\/\/www.sudoestehoje.com.br\/novoportal\/wp-json\/wp\/v2\/posts\/118604\/revisions"}],"predecessor-version":[{"id":118606,"href":"https:\/\/www.sudoestehoje.com.br\/novoportal\/wp-json\/wp\/v2\/posts\/118604\/revisions\/118606"}],"wp:featuredmedia":[{"embeddable":true,"href":"https:\/\/www.sudoestehoje.com.br\/novoportal\/wp-json\/wp\/v2\/media\/118605"}],"wp:attachment":[{"href":"https:\/\/www.sudoestehoje.com.br\/novoportal\/wp-json\/wp\/v2\/media?parent=118604"}],"wp:term":[{"taxonomy":"category","embeddable":true,"href":"https:\/\/www.sudoestehoje.com.br\/novoportal\/wp-json\/wp\/v2\/categories?post=118604"},{"taxonomy":"post_tag","embeddable":true,"href":"https:\/\/www.sudoestehoje.com.br\/novoportal\/wp-json\/wp\/v2\/tags?post=118604"}],"curies":[{"name":"wp","href":"https:\/\/api.w.org\/{rel}","templated":true}]}}