
{"id":118586,"date":"2024-08-15T21:20:34","date_gmt":"2024-08-16T00:20:34","guid":{"rendered":"https:\/\/www.sudoestehoje.com.br\/novoportal\/?p=118586"},"modified":"2024-08-15T21:20:34","modified_gmt":"2024-08-16T00:20:34","slug":"salvador-pesquisa-futura-exame-aponta-vitoria-de-bruno-reis-no-1o-turno-com-61","status":"publish","type":"post","link":"https:\/\/www.sudoestehoje.com.br\/novoportal\/2024\/08\/15\/salvador-pesquisa-futura-exame-aponta-vitoria-de-bruno-reis-no-1o-turno-com-61\/","title":{"rendered":"SALVADOR | PESQUISA FUTURA\/EXAME APONTA VIT\u00d3RIA DE BRUNO REIS NO 1\u00ba TURNO COM 61%"},"content":{"rendered":"<p><img loading=\"lazy\" decoding=\"async\" class=\"alignnone  wp-image-118590\" src=\"https:\/\/www.sudoestehoje.com.br\/novoportal\/wp-content\/uploads\/2024\/08\/bruno-reis-sorrindo.jpeg\" alt=\"\" width=\"551\" height=\"386\" \/><\/p>\n<p><strong>Prefeito em exerc\u00edcio de Salvador e candidato \u00e0 reelei\u00e7\u00e3o, Bruno Reis (Uni\u00e3o Brasil) lidera as inten\u00e7\u00f5es de voto na capital baiana. Os dados s\u00e3o da pesquisa Futura Intelig\u00eancia, encomendada pela empresa 100% cidades e divulgada pela revista Exame nesta quinta-feira (15).<\/strong><\/p>\n<p><strong>Segundo as informa\u00e7\u00f5es coletadas, Reis tem 61,2% das inten\u00e7\u00f5es de votos na pesquisa estimulada. A vantagem \u00e9 de 47,4 pontos sobre o segundo colocado, Geraldo J\u00fanior (MDB), que possui 13,8%. O resultado evidencia que o prefeito seria reeleito no primeiro turno, caso o pleito ocorresse hoje.<\/strong><\/p>\n<p><strong>A terceira posi\u00e7\u00e3o ficou com o candidato do PSOL, o investigador da Pol\u00edcia Civil Kleber Rosa que aparece com 4,2% dos votos. Giovani Damico (PCB), Eslane Paix\u00e3o (UP) e Victor Marinho (PSTU) n\u00e3o obtiveram nem 1% dos votos.<\/strong><\/p>\n<p><strong>Vit\u00f3ria tamb\u00e9m no segundo turno \u2013\u00a0Bruno Reis tamb\u00e9m venceria o pleito, caso a disputa fosse para o segundo turno. Ele lidera as inten\u00e7\u00f5es de voto com 63,4% contra 20,8% de Geraldo J\u00fanior. No confronto com Kleber Rosa, o atual gestor da capital baiana tamb\u00e9m seria reconduzido: 69,1% contra 13,1% do socialista.<\/strong><\/p>\n<p><strong>Ainda conforme a pesquisa, o emedebista \u00e9 o candidato com maior rejei\u00e7\u00e3o entre os seis postulantes ao Pal\u00e1cio Thom\u00e9 de Souza: 31,6% dos entrevistados afirmaram que n\u00e3o votariam em Geraldo J\u00fanior. O candidato do PSTU \u00e9 o segundo mais citado, com 22,3%. Bruno Reis possui a menor rejei\u00e7\u00e3o, com apenas 13%.<\/strong><\/p>\n<p><strong>A pesquisa registrada no Tribunal Superior Eleitoral como BA-06586\/2024 realizou 1000 entrevistas entre os dias 6 e 12 de agosto, com o formato de abordagem CATI (entrevista telef\u00f4nica assistida por computador). A margem de erro \u00e9 de 3,1 pontos percentuais para um n\u00edvel de confian\u00e7a de 95%.<\/strong><\/p>\n","protected":false},"excerpt":{"rendered":"<p>Prefeito em exerc\u00edcio de Salvador e candidato \u00e0 reelei\u00e7\u00e3o, Bruno Reis (Uni\u00e3o Brasil) lidera as inten\u00e7\u00f5es de voto na capital baiana. Os dados s\u00e3o da pesquisa Futura Intelig\u00eancia, encomendada pela empresa 100% cidades e divulgada pela revista Exame nesta quinta-feira (15). Segundo as informa\u00e7\u00f5es coletadas, Reis tem 61,2% das inten\u00e7\u00f5es de votos na pesquisa estimulada. [&hellip;]<\/p>\n","protected":false},"author":2,"featured_media":118590,"comment_status":"closed","ping_status":"open","sticky":false,"template":"","format":"standard","meta":{"footnotes":"","_links_to":"","_links_to_target":""},"categories":[1],"tags":[],"class_list":["post-118586","post","type-post","status-publish","format-standard","has-post-thumbnail","hentry","category-geral"],"views":484,"_links":{"self":[{"href":"https:\/\/www.sudoestehoje.com.br\/novoportal\/wp-json\/wp\/v2\/posts\/118586","targetHints":{"allow":["GET"]}}],"collection":[{"href":"https:\/\/www.sudoestehoje.com.br\/novoportal\/wp-json\/wp\/v2\/posts"}],"about":[{"href":"https:\/\/www.sudoestehoje.com.br\/novoportal\/wp-json\/wp\/v2\/types\/post"}],"author":[{"embeddable":true,"href":"https:\/\/www.sudoestehoje.com.br\/novoportal\/wp-json\/wp\/v2\/users\/2"}],"replies":[{"embeddable":true,"href":"https:\/\/www.sudoestehoje.com.br\/novoportal\/wp-json\/wp\/v2\/comments?post=118586"}],"version-history":[{"count":4,"href":"https:\/\/www.sudoestehoje.com.br\/novoportal\/wp-json\/wp\/v2\/posts\/118586\/revisions"}],"predecessor-version":[{"id":118591,"href":"https:\/\/www.sudoestehoje.com.br\/novoportal\/wp-json\/wp\/v2\/posts\/118586\/revisions\/118591"}],"wp:featuredmedia":[{"embeddable":true,"href":"https:\/\/www.sudoestehoje.com.br\/novoportal\/wp-json\/wp\/v2\/media\/118590"}],"wp:attachment":[{"href":"https:\/\/www.sudoestehoje.com.br\/novoportal\/wp-json\/wp\/v2\/media?parent=118586"}],"wp:term":[{"taxonomy":"category","embeddable":true,"href":"https:\/\/www.sudoestehoje.com.br\/novoportal\/wp-json\/wp\/v2\/categories?post=118586"},{"taxonomy":"post_tag","embeddable":true,"href":"https:\/\/www.sudoestehoje.com.br\/novoportal\/wp-json\/wp\/v2\/tags?post=118586"}],"curies":[{"name":"wp","href":"https:\/\/api.w.org\/{rel}","templated":true}]}}