
{"id":118578,"date":"2024-08-15T17:42:54","date_gmt":"2024-08-15T20:42:54","guid":{"rendered":"https:\/\/www.sudoestehoje.com.br\/novoportal\/?p=118578"},"modified":"2024-08-15T17:42:54","modified_gmt":"2024-08-15T20:42:54","slug":"eleicoes-campanha-eleitoral-comeca-oficialmente-a-partir-desta-sexta-16","status":"publish","type":"post","link":"https:\/\/www.sudoestehoje.com.br\/novoportal\/2024\/08\/15\/eleicoes-campanha-eleitoral-comeca-oficialmente-a-partir-desta-sexta-16\/","title":{"rendered":"ELEI\u00c7\u00d5ES | CAMPANHA ELEITORAL COME\u00c7A OFICIALMENTE A PARTIR DESTA SEXTA (16)"},"content":{"rendered":"<p><img loading=\"lazy\" decoding=\"async\" class=\"alignnone  wp-image-118579\" src=\"https:\/\/www.sudoestehoje.com.br\/novoportal\/wp-content\/uploads\/2024\/08\/CLIP-SITE-600x324.jpg\" alt=\"\" width=\"550\" height=\"297\" srcset=\"https:\/\/www.sudoestehoje.com.br\/novoportal\/wp-content\/uploads\/2024\/08\/CLIP-SITE-600x324.jpg 600w, https:\/\/www.sudoestehoje.com.br\/novoportal\/wp-content\/uploads\/2024\/08\/CLIP-SITE-700x378.jpg 700w, https:\/\/www.sudoestehoje.com.br\/novoportal\/wp-content\/uploads\/2024\/08\/CLIP-SITE-768x414.jpg 768w, https:\/\/www.sudoestehoje.com.br\/novoportal\/wp-content\/uploads\/2024\/08\/CLIP-SITE.jpg 1140w\" sizes=\"auto, (max-width: 550px) 100vw, 550px\" \/><\/p>\n<p><strong>A partir desta sexta-feira (16) tem in\u00edcio oficialmente o per\u00edodo de campanha eleitoral, quando os candidatos e candidatas podem finalmente distribuir material informando seus n\u00fameros de urna. <\/strong><\/p>\n<p><strong>O mesmo vale para as propagandas em redes sociais. <\/strong><\/p>\n<p><strong>Ser\u00e3o sete semanas de campanha, at\u00e9 o s\u00e1bado 5 de outubro, v\u00e9spera da vota\u00e7\u00e3o em 1\u00ba turno e \u00faltimo dia para a realiza\u00e7\u00e3o de caminhadas, com\u00edcios, debates e demais formas de propaganda. \/\/SH<\/strong><\/p>\n","protected":false},"excerpt":{"rendered":"<p>A partir desta sexta-feira (16) tem in\u00edcio oficialmente o per\u00edodo de campanha eleitoral, quando os candidatos e candidatas podem finalmente distribuir material informando seus n\u00fameros de urna. O mesmo vale para as propagandas em redes sociais. Ser\u00e3o sete semanas de campanha, at\u00e9 o s\u00e1bado 5 de outubro, v\u00e9spera da vota\u00e7\u00e3o em 1\u00ba turno e \u00faltimo [&hellip;]<\/p>\n","protected":false},"author":2,"featured_media":118579,"comment_status":"closed","ping_status":"open","sticky":false,"template":"","format":"standard","meta":{"footnotes":"","_links_to":"","_links_to_target":""},"categories":[1],"tags":[],"class_list":["post-118578","post","type-post","status-publish","format-standard","has-post-thumbnail","hentry","category-geral"],"views":665,"_links":{"self":[{"href":"https:\/\/www.sudoestehoje.com.br\/novoportal\/wp-json\/wp\/v2\/posts\/118578","targetHints":{"allow":["GET"]}}],"collection":[{"href":"https:\/\/www.sudoestehoje.com.br\/novoportal\/wp-json\/wp\/v2\/posts"}],"about":[{"href":"https:\/\/www.sudoestehoje.com.br\/novoportal\/wp-json\/wp\/v2\/types\/post"}],"author":[{"embeddable":true,"href":"https:\/\/www.sudoestehoje.com.br\/novoportal\/wp-json\/wp\/v2\/users\/2"}],"replies":[{"embeddable":true,"href":"https:\/\/www.sudoestehoje.com.br\/novoportal\/wp-json\/wp\/v2\/comments?post=118578"}],"version-history":[{"count":1,"href":"https:\/\/www.sudoestehoje.com.br\/novoportal\/wp-json\/wp\/v2\/posts\/118578\/revisions"}],"predecessor-version":[{"id":118580,"href":"https:\/\/www.sudoestehoje.com.br\/novoportal\/wp-json\/wp\/v2\/posts\/118578\/revisions\/118580"}],"wp:featuredmedia":[{"embeddable":true,"href":"https:\/\/www.sudoestehoje.com.br\/novoportal\/wp-json\/wp\/v2\/media\/118579"}],"wp:attachment":[{"href":"https:\/\/www.sudoestehoje.com.br\/novoportal\/wp-json\/wp\/v2\/media?parent=118578"}],"wp:term":[{"taxonomy":"category","embeddable":true,"href":"https:\/\/www.sudoestehoje.com.br\/novoportal\/wp-json\/wp\/v2\/categories?post=118578"},{"taxonomy":"post_tag","embeddable":true,"href":"https:\/\/www.sudoestehoje.com.br\/novoportal\/wp-json\/wp\/v2\/tags?post=118578"}],"curies":[{"name":"wp","href":"https:\/\/api.w.org\/{rel}","templated":true}]}}