
{"id":118567,"date":"2024-08-14T21:37:18","date_gmt":"2024-08-15T00:37:18","guid":{"rendered":"https:\/\/www.sudoestehoje.com.br\/novoportal\/?p=118567"},"modified":"2024-08-15T09:48:46","modified_gmt":"2024-08-15T12:48:46","slug":"agora-vai-rodrigo-anuncia-inauguracao-do-hospital-virginia-hagge-para-quarta-21","status":"publish","type":"post","link":"https:\/\/www.sudoestehoje.com.br\/novoportal\/2024\/08\/14\/agora-vai-rodrigo-anuncia-inauguracao-do-hospital-virginia-hagge-para-quarta-21\/","title":{"rendered":"AGORA VAI | RODRIGO ANUNCIA INAUGURA\u00c7\u00c3O DO HOSPITAL VIRG\u00cdNIA HAGGE PARA QUARTA (21)"},"content":{"rendered":"<p><img loading=\"lazy\" decoding=\"async\" class=\"alignnone wp-image-118368\" src=\"https:\/\/www.sudoestehoje.com.br\/novoportal\/wp-content\/uploads\/2024\/08\/f059f437-137f-4fdf-9046-5c2675343680-600x326.jpg\" alt=\"\" width=\"550\" height=\"299\" srcset=\"https:\/\/www.sudoestehoje.com.br\/novoportal\/wp-content\/uploads\/2024\/08\/f059f437-137f-4fdf-9046-5c2675343680-600x326.jpg 600w, https:\/\/www.sudoestehoje.com.br\/novoportal\/wp-content\/uploads\/2024\/08\/f059f437-137f-4fdf-9046-5c2675343680-700x381.jpg 700w, https:\/\/www.sudoestehoje.com.br\/novoportal\/wp-content\/uploads\/2024\/08\/f059f437-137f-4fdf-9046-5c2675343680-768x418.jpg 768w, https:\/\/www.sudoestehoje.com.br\/novoportal\/wp-content\/uploads\/2024\/08\/f059f437-137f-4fdf-9046-5c2675343680-1536x835.jpg 1536w, https:\/\/www.sudoestehoje.com.br\/novoportal\/wp-content\/uploads\/2024\/08\/f059f437-137f-4fdf-9046-5c2675343680.jpg 1600w\" sizes=\"auto, (max-width: 550px) 100vw, 550px\" \/><\/p>\n<p><strong>Em entrevista no programa O Rumo da Prosa, no You Tube, na noite desta quarta-feira (14), o prefeito Rodrigo Hagge comentou sobre o epis\u00f3dio que resultou no cancelamento do show do Padre F\u00e1bio de Melo e, por consequ\u00eancia, no adiamento da inaugura\u00e7\u00e3o e abertura do novo Hospital Virg\u00ednia Hagge.<\/strong><\/p>\n<p><strong>Segundo o prefeito, a nova data para inaugura\u00e7\u00e3o do hospital j\u00e1 est\u00e1 definida e acontecer\u00e1 na pr\u00f3xima quarta-feira (21).<\/strong><\/p>\n<p><strong>OPOSI\u00c7\u00c3O TENTOU BARRAR<\/strong><\/p>\n<p><strong>Em outra entrevista no r\u00e1dio, a promotora eleitoral comentou que vereadores ligados \u00e0 oposi\u00e7\u00e3o tentaram barrar a inaugura\u00e7\u00e3o e abertura do hospital, alegando uma suposta ilegalidade na denomina\u00e7\u00e3o da unidade hospitalar, que leva o nome da ex-vereadora e deputada Virg\u00ednia Hagge.<\/strong><\/p>\n<p><strong>Entretanto, a pretens\u00e3o acabou n\u00e3o prosperando, uma vez que o MP constatou que a denomina\u00e7\u00e3o foi realizada atrav\u00e9s de projeto de lei de autoria do vereador Geg\u00ea (PSB), aprovado pela pr\u00f3pria c\u00e2mara, por unanimidade.<\/strong><\/p>\n<p><strong>A atua\u00e7\u00e3o vergonhosa da oposi\u00e7\u00e3o acabou repercutindo negativamente na campanha da candidata Cida Moura, pela falta de comprometimento e respeito para com a\u00a0 popula\u00e7\u00e3o do munic\u00edpio e cidades da regi\u00e3o, que aguardam ansiosamente o novo hospital.<\/strong><\/p>\n<p><strong>Caras de pau!!!<\/strong><\/p>\n<p><strong>Por Davi Ferraz\u00a0<\/strong><\/p>\n","protected":false},"excerpt":{"rendered":"<p>Em entrevista no programa O Rumo da Prosa, no You Tube, na noite desta quarta-feira (14), o prefeito Rodrigo Hagge comentou sobre o epis\u00f3dio que resultou no cancelamento do show do Padre F\u00e1bio de Melo e, por consequ\u00eancia, no adiamento da inaugura\u00e7\u00e3o e abertura do novo Hospital Virg\u00ednia Hagge. Segundo o prefeito, a nova data [&hellip;]<\/p>\n","protected":false},"author":2,"featured_media":118368,"comment_status":"closed","ping_status":"open","sticky":false,"template":"","format":"standard","meta":{"footnotes":"","_links_to":"","_links_to_target":""},"categories":[1],"tags":[],"class_list":["post-118567","post","type-post","status-publish","format-standard","has-post-thumbnail","hentry","category-geral"],"views":1296,"_links":{"self":[{"href":"https:\/\/www.sudoestehoje.com.br\/novoportal\/wp-json\/wp\/v2\/posts\/118567","targetHints":{"allow":["GET"]}}],"collection":[{"href":"https:\/\/www.sudoestehoje.com.br\/novoportal\/wp-json\/wp\/v2\/posts"}],"about":[{"href":"https:\/\/www.sudoestehoje.com.br\/novoportal\/wp-json\/wp\/v2\/types\/post"}],"author":[{"embeddable":true,"href":"https:\/\/www.sudoestehoje.com.br\/novoportal\/wp-json\/wp\/v2\/users\/2"}],"replies":[{"embeddable":true,"href":"https:\/\/www.sudoestehoje.com.br\/novoportal\/wp-json\/wp\/v2\/comments?post=118567"}],"version-history":[{"count":9,"href":"https:\/\/www.sudoestehoje.com.br\/novoportal\/wp-json\/wp\/v2\/posts\/118567\/revisions"}],"predecessor-version":[{"id":118576,"href":"https:\/\/www.sudoestehoje.com.br\/novoportal\/wp-json\/wp\/v2\/posts\/118567\/revisions\/118576"}],"wp:featuredmedia":[{"embeddable":true,"href":"https:\/\/www.sudoestehoje.com.br\/novoportal\/wp-json\/wp\/v2\/media\/118368"}],"wp:attachment":[{"href":"https:\/\/www.sudoestehoje.com.br\/novoportal\/wp-json\/wp\/v2\/media?parent=118567"}],"wp:term":[{"taxonomy":"category","embeddable":true,"href":"https:\/\/www.sudoestehoje.com.br\/novoportal\/wp-json\/wp\/v2\/categories?post=118567"},{"taxonomy":"post_tag","embeddable":true,"href":"https:\/\/www.sudoestehoje.com.br\/novoportal\/wp-json\/wp\/v2\/tags?post=118567"}],"curies":[{"name":"wp","href":"https:\/\/api.w.org\/{rel}","templated":true}]}}