
{"id":118550,"date":"2024-08-14T09:37:59","date_gmt":"2024-08-14T12:37:59","guid":{"rendered":"https:\/\/www.sudoestehoje.com.br\/novoportal\/?p=118550"},"modified":"2024-08-14T09:37:59","modified_gmt":"2024-08-14T12:37:59","slug":"convencoes-confirmam-cinco-candidatos-a-prefeitura-de-itabuna-confira","status":"publish","type":"post","link":"https:\/\/www.sudoestehoje.com.br\/novoportal\/2024\/08\/14\/convencoes-confirmam-cinco-candidatos-a-prefeitura-de-itabuna-confira\/","title":{"rendered":"CONVEN\u00c7\u00d5ES CONFIRMAM CINCO CANDIDATOS \u00c0 PREFEITURA DE ITABUNA; CONFIRA"},"content":{"rendered":"<p><img loading=\"lazy\" decoding=\"async\" class=\"alignnone  wp-image-118552\" src=\"https:\/\/www.sudoestehoje.com.br\/novoportal\/wp-content\/uploads\/2024\/08\/WhatsApp-Image-2024-08-14-at-09.34.43-600x337.jpeg\" alt=\"\" width=\"550\" height=\"309\" srcset=\"https:\/\/www.sudoestehoje.com.br\/novoportal\/wp-content\/uploads\/2024\/08\/WhatsApp-Image-2024-08-14-at-09.34.43-600x337.jpeg 600w, https:\/\/www.sudoestehoje.com.br\/novoportal\/wp-content\/uploads\/2024\/08\/WhatsApp-Image-2024-08-14-at-09.34.43-700x394.jpeg 700w, https:\/\/www.sudoestehoje.com.br\/novoportal\/wp-content\/uploads\/2024\/08\/WhatsApp-Image-2024-08-14-at-09.34.43-768x432.jpeg 768w, https:\/\/www.sudoestehoje.com.br\/novoportal\/wp-content\/uploads\/2024\/08\/WhatsApp-Image-2024-08-14-at-09.34.43.jpeg 1078w\" sizes=\"auto, (max-width: 550px) 100vw, 550px\" \/><\/p>\n<p><strong>Cinco candidatos v\u00e3o disputar a Prefeitura de\u00a0Itabuna, cidade no sul da Bahia. Os nomes foram confirmados pelos partidos e coliga\u00e7\u00f5es em conven\u00e7\u00f5es realizadas at\u00e9 a \u00faltima segunda-feira (5). Ap\u00f3s essa etapa, as agremia\u00e7\u00f5es t\u00eam at\u00e9 15 de agosto para registrar as chapas na Justi\u00e7a Eleitoral.<\/strong><\/p>\n<p><strong>O\u00a0primeiro candidato confirmado foi <span style=\"color: #0000ff;\">Chico Fran\u00e7a<\/span>, <span style=\"color: #000080;\">do PL<\/span>. Ele vai disputar a elei\u00e7\u00e3o em chapa com Rosilda da Silva Santana, a &#8220;Pastora Rosa&#8221;, como postulante a vice. O partido n\u00e3o formou coliga\u00e7\u00f5es com outras legendas e lan\u00e7ou, sozinho, 22 candidatos a vereador.<\/strong><\/p>\n<p><strong>O\u00a0atual prefeito <span style=\"color: #0000ff;\">Augusto Castro (PSD)<\/span> busca a reelei\u00e7\u00e3o\u00a0em chapa com o ex-secret\u00e1rio de Promo\u00e7\u00e3o Social da cidade, J\u00fanior Brand\u00e3o (PV), como candidato a vice. Os dois lideram a coliga\u00e7\u00e3o que re\u00fane 13 partidos: PSD, PV, Agir, Avante, Cidadania, PCdoB, Podemos, Progressistas, PRTB, PSB, PSDB e Republicanos. As legendas lan\u00e7aram o total de 242 candidatos a vereador.<\/strong><\/p>\n<div id=\"glb-topo\" class=\"glb-topo\" data-header=\"new\" data-clarity-mask=\"true\">\n<header id=\"header-produto\" class=\"header-navegacao header-g1 header-editoria header-subeditoria  header-ready sticky\" data-analytics=\"T\" data-clarity-mask=\"true\">\n<div class=\"floating-bar\">\n<div class=\"gui-color-primary-bg header-principal header-navegacao-color\">\n<div class=\"grid-12 header-navegacao-container row\">\n<div class=\"area-principal column\">\n<div class=\"menu-area\"><\/div>\n<\/div>\n<\/div>\n<\/div>\n<\/div>\n<\/header>\n<\/div>\n<p><main class=\"mc-body theme\"><\/p>\n<div class=\"mc-article-body\">\n<article>\n<div class=\"wall protected-content\">\n<div id=\"chunk-156el\">\n<div class=\"mc-column content-text active-extra-styles \" data-block-type=\"unstyled\" data-block-weight=\"48\" data-block-id=\"21\">\n<p class=\" content-text__container \" data-track-category=\"Link no Texto\" data-track-links=\"\" data-mrf-recirculation=\"Article links\"><strong>O\u00a0deputado estadual <span style=\"color: #0000ff;\">Fabr\u00edcio Pancadinha<\/span> entrou na disputa pela prefeitura da cidade\u00a0como candidato do <span style=\"color: #0000ff;\">Solidariedade<\/span>. Ele tem o Diego Pitanga (MDB) como postulante a vice na chapa composta por outros cinco partidos: Mobiliza, PRD, DC, Uni\u00e3o Brasil e MDB. Juntas, as legendas lan\u00e7aram 130 candidatos a vereador.<\/strong><\/p>\n<p data-track-category=\"Link no Texto\" data-track-links=\"\" data-mrf-recirculation=\"Article links\"><strong><span style=\"color: #0000ff;\">Cleonice Monteiro (PSOL)<\/span> \u00e9 o nome da Federa\u00e7\u00e3o PSOL-Rede na disputa eleitoral. Ela tem como postulante a vice a mestra de capoeira Vanessa Midlej (PSOL). Os dois partidos lan\u00e7aram 21 candidatos na luta por votos para ocupar cadeiras na C\u00e2mara Municipal.<\/strong><\/p>\n<p data-track-category=\"Link no Texto\" data-track-links=\"\" data-mrf-recirculation=\"Article links\"><strong>O\u00a0candidado do <span style=\"color: #0000ff;\">PDT \u00e9 Dr. Isaac Nery<\/span>, suplente de deputado federal. Ele tenta se eleger em chapa com o policial rodovi\u00e1rio federal Carlos Eduardo Pereira, mais conhecido como Kak\u00e1 da PRF, como candidato a vice. Sem alian\u00e7as na cidade, o partido lan\u00e7ou 22 candidatos a vereador.<\/strong><\/p>\n<p data-track-category=\"Link no Texto\" data-track-links=\"\" data-mrf-recirculation=\"Article links\"><strong>O primeiro turno das elei\u00e7\u00f5es de 2024 acontecer\u00e1 em 6 de outubro. Nas cidades em que a disputa avan\u00e7ar para o segundo turno, a vota\u00e7\u00e3o ser\u00e1 no dia 27 do mesmo m\u00eas. Na Bahia, essa segunda etapa s\u00f3 pode acontecer em quatro munic\u00edpios, onde o n\u00famero de eleitores supera os 200 mil:\u00a0<span style=\"color: #0000ff;\">Salvador, Feira de Santana,\u00a0Vit\u00f3ria da Conquista\u00a0<\/span>e, pela primeira vez,\u00a0<span style=\"color: #0000ff;\">Cama\u00e7ari<\/span>.<\/strong><\/p>\n<p data-track-category=\"Link no Texto\" data-track-links=\"\" data-mrf-recirculation=\"Article links\"><strong>Em <span style=\"color: #0000ff;\">Itabuna<\/span>, as elei\u00e7\u00f5es s\u00e3o decididas em um \u00fanico turno. \/\/G1<\/strong><\/p>\n<\/div>\n<\/div>\n<\/div>\n<\/article>\n<\/div>\n<p><\/main><\/p>\n","protected":false},"excerpt":{"rendered":"<p>Cinco candidatos v\u00e3o disputar a Prefeitura de\u00a0Itabuna, cidade no sul da Bahia. Os nomes foram confirmados pelos partidos e coliga\u00e7\u00f5es em conven\u00e7\u00f5es realizadas at\u00e9 a \u00faltima segunda-feira (5). Ap\u00f3s essa etapa, as agremia\u00e7\u00f5es t\u00eam at\u00e9 15 de agosto para registrar as chapas na Justi\u00e7a Eleitoral. O\u00a0primeiro candidato confirmado foi Chico Fran\u00e7a, do PL. Ele vai [&hellip;]<\/p>\n","protected":false},"author":2,"featured_media":118552,"comment_status":"closed","ping_status":"open","sticky":false,"template":"","format":"standard","meta":{"footnotes":"","_links_to":"","_links_to_target":""},"categories":[1],"tags":[],"class_list":["post-118550","post","type-post","status-publish","format-standard","has-post-thumbnail","hentry","category-geral"],"views":1700,"_links":{"self":[{"href":"https:\/\/www.sudoestehoje.com.br\/novoportal\/wp-json\/wp\/v2\/posts\/118550","targetHints":{"allow":["GET"]}}],"collection":[{"href":"https:\/\/www.sudoestehoje.com.br\/novoportal\/wp-json\/wp\/v2\/posts"}],"about":[{"href":"https:\/\/www.sudoestehoje.com.br\/novoportal\/wp-json\/wp\/v2\/types\/post"}],"author":[{"embeddable":true,"href":"https:\/\/www.sudoestehoje.com.br\/novoportal\/wp-json\/wp\/v2\/users\/2"}],"replies":[{"embeddable":true,"href":"https:\/\/www.sudoestehoje.com.br\/novoportal\/wp-json\/wp\/v2\/comments?post=118550"}],"version-history":[{"count":2,"href":"https:\/\/www.sudoestehoje.com.br\/novoportal\/wp-json\/wp\/v2\/posts\/118550\/revisions"}],"predecessor-version":[{"id":118553,"href":"https:\/\/www.sudoestehoje.com.br\/novoportal\/wp-json\/wp\/v2\/posts\/118550\/revisions\/118553"}],"wp:featuredmedia":[{"embeddable":true,"href":"https:\/\/www.sudoestehoje.com.br\/novoportal\/wp-json\/wp\/v2\/media\/118552"}],"wp:attachment":[{"href":"https:\/\/www.sudoestehoje.com.br\/novoportal\/wp-json\/wp\/v2\/media?parent=118550"}],"wp:term":[{"taxonomy":"category","embeddable":true,"href":"https:\/\/www.sudoestehoje.com.br\/novoportal\/wp-json\/wp\/v2\/categories?post=118550"},{"taxonomy":"post_tag","embeddable":true,"href":"https:\/\/www.sudoestehoje.com.br\/novoportal\/wp-json\/wp\/v2\/tags?post=118550"}],"curies":[{"name":"wp","href":"https:\/\/api.w.org\/{rel}","templated":true}]}}