
{"id":118530,"date":"2024-08-13T17:44:21","date_gmt":"2024-08-13T20:44:21","guid":{"rendered":"https:\/\/www.sudoestehoje.com.br\/novoportal\/?p=118530"},"modified":"2024-08-13T17:44:21","modified_gmt":"2024-08-13T20:44:21","slug":"convencoes-confirmam-quatro-candidatos-a-prefeito-em-vitoria-da-conquista","status":"publish","type":"post","link":"https:\/\/www.sudoestehoje.com.br\/novoportal\/2024\/08\/13\/convencoes-confirmam-quatro-candidatos-a-prefeito-em-vitoria-da-conquista\/","title":{"rendered":"CONVEN\u00c7\u00d5ES CONFIRMAM QUATRO CANDIDATOS A PREFEITO EM VIT\u00d3RIA DA CONQUISTA"},"content":{"rendered":"<p><img loading=\"lazy\" decoding=\"async\" class=\"alignnone  wp-image-118534\" src=\"https:\/\/www.sudoestehoje.com.br\/novoportal\/wp-content\/uploads\/2024\/08\/530e0c03-dd28-4250-b3a0-af350f58a9b8-600x336.jpg\" alt=\"\" width=\"550\" height=\"308\" srcset=\"https:\/\/www.sudoestehoje.com.br\/novoportal\/wp-content\/uploads\/2024\/08\/530e0c03-dd28-4250-b3a0-af350f58a9b8-600x336.jpg 600w, https:\/\/www.sudoestehoje.com.br\/novoportal\/wp-content\/uploads\/2024\/08\/530e0c03-dd28-4250-b3a0-af350f58a9b8-700x392.jpg 700w, https:\/\/www.sudoestehoje.com.br\/novoportal\/wp-content\/uploads\/2024\/08\/530e0c03-dd28-4250-b3a0-af350f58a9b8-768x430.jpg 768w, https:\/\/www.sudoestehoje.com.br\/novoportal\/wp-content\/uploads\/2024\/08\/530e0c03-dd28-4250-b3a0-af350f58a9b8.jpg 1078w\" sizes=\"auto, (max-width: 550px) 100vw, 550px\" \/><\/p>\n<p><strong>Quatro candidatos v\u00e3o disputar a Prefeitura de\u00a0Vit\u00f3ria da Conquista, cidade do sudoeste da Bahia. Seus nomes foram confirmados pelos partidos e coliga\u00e7\u00f5es em conven\u00e7\u00f5es realizadas at\u00e9 o \u00faltimo s\u00e1bado (3). Ap\u00f3s essa etapa, as agremia\u00e7\u00f5es t\u00eam at\u00e9 15 de agosto para registrar as chapas na Justi\u00e7a Eleitoral.<\/strong><\/p>\n<p><strong>A atual prefeita\u00a0<span style=\"color: #0000ff;\">Sheila Lemos<\/span> (Uni\u00e3o Brasil) tenta se manter no cargo\u00a0em chapa formada com o m\u00e9dico Dr. Alo\u00edsio Alan (PDT) como candidato a vice. Os dois est\u00e3o \u00e0 frente da coliga\u00e7\u00e3o &#8220;Conquista Segue Avan\u00e7ando&#8221;, composta por oito partidos: Uni\u00e3o Brasil, PDT, PL, PP, Republicanos, PSDB, Cidadania e PRD. O grupo lan\u00e7ou mais de 160 candidatos a vereador.<\/strong><\/p>\n<p><strong>A candidatura de <span style=\"color: #0000ff;\">Marcos Adriano<\/span> (Avante) \u00e0 prefeitura da cidade marca a\u00a0primeira vez que ele disputa um cargo eletivo. Ele forma chapa com a assistente social e psic\u00f3loga Ariana Mota pelo partido Avante. A legenda n\u00e3o formou coliga\u00e7\u00f5es e lan\u00e7ou, sozinha, 24 candidatos \u00e0 C\u00e2mara Municipal.<\/strong><\/p>\n<p><strong>O\u00a0candidato do Partido dos Trabalhadores \u00e9 o deputado federal<span style=\"color: #0000ff;\"> Waldenor Pereira<\/span>. Ele encabe\u00e7a a chapa com a advogada Luciana Silva (PSB) como candidata a vice-prefeita. Os dois formam a coliga\u00e7\u00e3o &#8220;A For\u00e7a pra Mudar Conquista&#8221;, com sete partidos \u2014 PT, PCdoB, PV, PSB, PSD e a federa\u00e7\u00e3o PSOL-Rede \u2014 e 90 candidatos a vereador.<\/strong><\/p>\n<p><strong>A candidata\u00a0<span style=\"color: #0000ff;\">L\u00facia Rocha<\/span> vai representar o MDB na elei\u00e7\u00e3o\u00a0para o Executivo da cidade. Ela tenta se eleger em chapa com o vereador e advogado Marcus Vin\u00edcius (Podemos) como postulante a vice. Os dois lideram a coliga\u00e7\u00e3o &#8220;A M\u00e3e T\u00e1 On&#8221;, com o MDB, Podemos e PRTB. Juntas, as siglas lan\u00e7aram 72 candidatos \u00e0 C\u00e2mara Municipal.<\/strong><\/p>\n<div id=\"chunk-sfcu\">\n<div class=\"mc-column content-text active-extra-styles \" data-block-type=\"unstyled\" data-block-weight=\"53\" data-block-id=\"33\">\n<p class=\" content-text__container \" data-track-category=\"Link no Texto\" data-track-links=\"\" data-mrf-recirculation=\"Article links\"><strong>Com o prazo para registro oficial de candidaturas a ser encerrado em 15 de agosto, o dia 16 marca o in\u00edcio da propaganda eleitoral. At\u00e9 l\u00e1, qualquer publicidade ou manifesta\u00e7\u00e3o com pedido expl\u00edcito de voto pode ser considerada irregular e \u00e9 pass\u00edvel de multa. As elei\u00e7\u00f5es de 2024 acontecer\u00e3o em 6 de outubro.<\/strong><\/p>\n<\/div>\n<\/div>\n<div id=\"chunk-a28s0\">\n<div class=\"mc-column content-text active-extra-styles \" data-block-type=\"unstyled\" data-block-weight=\"28\" data-block-id=\"34\">\n<p class=\" content-text__container \" data-track-category=\"Link no Texto\" data-track-links=\"\" data-mrf-recirculation=\"Article links\"><strong>Vit\u00f3ria da Conquista \u00e9 uma das quatro cidades baianas que podem ter segundo turno nas elei\u00e7\u00f5es. As outras s\u00e3o Salvador,\u00a0Feira de Santana\u00a0e, pela primeira vez,\u00a0Cama\u00e7ari. \/\/G1<\/strong><\/p>\n<\/div>\n<\/div>\n","protected":false},"excerpt":{"rendered":"<p>Quatro candidatos v\u00e3o disputar a Prefeitura de\u00a0Vit\u00f3ria da Conquista, cidade do sudoeste da Bahia. Seus nomes foram confirmados pelos partidos e coliga\u00e7\u00f5es em conven\u00e7\u00f5es realizadas at\u00e9 o \u00faltimo s\u00e1bado (3). Ap\u00f3s essa etapa, as agremia\u00e7\u00f5es t\u00eam at\u00e9 15 de agosto para registrar as chapas na Justi\u00e7a Eleitoral. A atual prefeita\u00a0Sheila Lemos (Uni\u00e3o Brasil) tenta se [&hellip;]<\/p>\n","protected":false},"author":2,"featured_media":118534,"comment_status":"closed","ping_status":"open","sticky":false,"template":"","format":"standard","meta":{"footnotes":"","_links_to":"","_links_to_target":""},"categories":[1],"tags":[],"class_list":["post-118530","post","type-post","status-publish","format-standard","has-post-thumbnail","hentry","category-geral"],"views":1434,"_links":{"self":[{"href":"https:\/\/www.sudoestehoje.com.br\/novoportal\/wp-json\/wp\/v2\/posts\/118530","targetHints":{"allow":["GET"]}}],"collection":[{"href":"https:\/\/www.sudoestehoje.com.br\/novoportal\/wp-json\/wp\/v2\/posts"}],"about":[{"href":"https:\/\/www.sudoestehoje.com.br\/novoportal\/wp-json\/wp\/v2\/types\/post"}],"author":[{"embeddable":true,"href":"https:\/\/www.sudoestehoje.com.br\/novoportal\/wp-json\/wp\/v2\/users\/2"}],"replies":[{"embeddable":true,"href":"https:\/\/www.sudoestehoje.com.br\/novoportal\/wp-json\/wp\/v2\/comments?post=118530"}],"version-history":[{"count":4,"href":"https:\/\/www.sudoestehoje.com.br\/novoportal\/wp-json\/wp\/v2\/posts\/118530\/revisions"}],"predecessor-version":[{"id":118535,"href":"https:\/\/www.sudoestehoje.com.br\/novoportal\/wp-json\/wp\/v2\/posts\/118530\/revisions\/118535"}],"wp:featuredmedia":[{"embeddable":true,"href":"https:\/\/www.sudoestehoje.com.br\/novoportal\/wp-json\/wp\/v2\/media\/118534"}],"wp:attachment":[{"href":"https:\/\/www.sudoestehoje.com.br\/novoportal\/wp-json\/wp\/v2\/media?parent=118530"}],"wp:term":[{"taxonomy":"category","embeddable":true,"href":"https:\/\/www.sudoestehoje.com.br\/novoportal\/wp-json\/wp\/v2\/categories?post=118530"},{"taxonomy":"post_tag","embeddable":true,"href":"https:\/\/www.sudoestehoje.com.br\/novoportal\/wp-json\/wp\/v2\/tags?post=118530"}],"curies":[{"name":"wp","href":"https:\/\/api.w.org\/{rel}","templated":true}]}}