
{"id":118522,"date":"2024-08-13T11:16:17","date_gmt":"2024-08-13T14:16:17","guid":{"rendered":"https:\/\/www.sudoestehoje.com.br\/novoportal\/?p=118522"},"modified":"2024-08-13T11:23:08","modified_gmt":"2024-08-13T14:23:08","slug":"itapetinga-cancelamento-do-show-do-padre-fabio-de-melo-frustra-ambulantes-e-causa-prejuizos-ao-comercio","status":"publish","type":"post","link":"https:\/\/www.sudoestehoje.com.br\/novoportal\/2024\/08\/13\/itapetinga-cancelamento-do-show-do-padre-fabio-de-melo-frustra-ambulantes-e-causa-prejuizos-ao-comercio\/","title":{"rendered":"ITAPETINGA | CANCELAMENTO DO SHOW DO PADRE F\u00c1BIO DE MELO FRUSTRA AMBULANTES E CAUSA PREJU\u00cdZOS AO COM\u00c9RCIO"},"content":{"rendered":"<p><img loading=\"lazy\" decoding=\"async\" class=\"alignnone  wp-image-118524\" src=\"https:\/\/www.sudoestehoje.com.br\/novoportal\/wp-content\/uploads\/2024\/08\/3fcf568f-2fb9-4323-ba36-fdacfc8c059b-600x316.jpg\" alt=\"\" width=\"551\" height=\"290\" srcset=\"https:\/\/www.sudoestehoje.com.br\/novoportal\/wp-content\/uploads\/2024\/08\/3fcf568f-2fb9-4323-ba36-fdacfc8c059b-600x316.jpg 600w, https:\/\/www.sudoestehoje.com.br\/novoportal\/wp-content\/uploads\/2024\/08\/3fcf568f-2fb9-4323-ba36-fdacfc8c059b-700x369.jpg 700w, https:\/\/www.sudoestehoje.com.br\/novoportal\/wp-content\/uploads\/2024\/08\/3fcf568f-2fb9-4323-ba36-fdacfc8c059b-768x405.jpg 768w, https:\/\/www.sudoestehoje.com.br\/novoportal\/wp-content\/uploads\/2024\/08\/3fcf568f-2fb9-4323-ba36-fdacfc8c059b.jpg 1511w\" sizes=\"auto, (max-width: 551px) 100vw, 551px\" \/><\/p>\n<p><strong>Um dos efeitos negativos do cancelamento do show do Padre F\u00e1bio de Melo em Itapetinga, que aconteceria nesta ter\u00e7a-feira (13), foi o preju\u00edzo causado aos pequenos ambulantes e barraqueiros, que se preparavam, nas \u00faltimas semanas, para atuar no evento, vendendo bebidas, lanches e souvenirs alusivos \u00e0 Santa Dulce, que seria homenageada no seu anivers\u00e1rio.<\/strong><\/p>\n<p><strong>A medida adotada pelo Minist\u00e9rio P\u00fablico, a pedido do grupo de oposi\u00e7\u00e3o ao prefeito Rodrigo Hagge, n\u00e3o s\u00f3 frustrou a popula\u00e7\u00e3o, como deixou em p\u00e9ssima situa\u00e7\u00e3o os comerciantes informais que sobrevivem das vendas durante as festas realizadas na cidade.<\/strong><\/p>\n<p><strong>Isto sem falar das caravanas formadas por cat\u00f3licos que viriam de outras cidades da regi\u00e3o, e que, certamente, iriam movimentar o com\u00e9rcio lojista e, principalmente, os restaurantes, bares, lanchonetes e pizzarias\u00a0<\/strong><\/p>\n<p><strong>O preju\u00edzo, de acordo com estimativas dos pr\u00f3prios comerciantes, ultrapassa a casa de de meio milh\u00e3o de reais, por baixo.<\/strong><\/p>\n<p><strong>Por Davi Ferraz<\/strong><\/p>\n","protected":false},"excerpt":{"rendered":"<p>Um dos efeitos negativos do cancelamento do show do Padre F\u00e1bio de Melo em Itapetinga, que aconteceria nesta ter\u00e7a-feira (13), foi o preju\u00edzo causado aos pequenos ambulantes e barraqueiros, que se preparavam, nas \u00faltimas semanas, para atuar no evento, vendendo bebidas, lanches e souvenirs alusivos \u00e0 Santa Dulce, que seria homenageada no seu anivers\u00e1rio. A [&hellip;]<\/p>\n","protected":false},"author":2,"featured_media":118524,"comment_status":"closed","ping_status":"open","sticky":false,"template":"","format":"standard","meta":{"footnotes":"","_links_to":"","_links_to_target":""},"categories":[1],"tags":[],"class_list":["post-118522","post","type-post","status-publish","format-standard","has-post-thumbnail","hentry","category-geral"],"views":1948,"_links":{"self":[{"href":"https:\/\/www.sudoestehoje.com.br\/novoportal\/wp-json\/wp\/v2\/posts\/118522","targetHints":{"allow":["GET"]}}],"collection":[{"href":"https:\/\/www.sudoestehoje.com.br\/novoportal\/wp-json\/wp\/v2\/posts"}],"about":[{"href":"https:\/\/www.sudoestehoje.com.br\/novoportal\/wp-json\/wp\/v2\/types\/post"}],"author":[{"embeddable":true,"href":"https:\/\/www.sudoestehoje.com.br\/novoportal\/wp-json\/wp\/v2\/users\/2"}],"replies":[{"embeddable":true,"href":"https:\/\/www.sudoestehoje.com.br\/novoportal\/wp-json\/wp\/v2\/comments?post=118522"}],"version-history":[{"count":5,"href":"https:\/\/www.sudoestehoje.com.br\/novoportal\/wp-json\/wp\/v2\/posts\/118522\/revisions"}],"predecessor-version":[{"id":118528,"href":"https:\/\/www.sudoestehoje.com.br\/novoportal\/wp-json\/wp\/v2\/posts\/118522\/revisions\/118528"}],"wp:featuredmedia":[{"embeddable":true,"href":"https:\/\/www.sudoestehoje.com.br\/novoportal\/wp-json\/wp\/v2\/media\/118524"}],"wp:attachment":[{"href":"https:\/\/www.sudoestehoje.com.br\/novoportal\/wp-json\/wp\/v2\/media?parent=118522"}],"wp:term":[{"taxonomy":"category","embeddable":true,"href":"https:\/\/www.sudoestehoje.com.br\/novoportal\/wp-json\/wp\/v2\/categories?post=118522"},{"taxonomy":"post_tag","embeddable":true,"href":"https:\/\/www.sudoestehoje.com.br\/novoportal\/wp-json\/wp\/v2\/tags?post=118522"}],"curies":[{"name":"wp","href":"https:\/\/api.w.org\/{rel}","templated":true}]}}