
{"id":118493,"date":"2024-08-12T10:22:44","date_gmt":"2024-08-12T13:22:44","guid":{"rendered":"https:\/\/www.sudoestehoje.com.br\/novoportal\/?p=118493"},"modified":"2024-08-12T10:22:44","modified_gmt":"2024-08-12T13:22:44","slug":"agro-hb-sementes-participa-do-dia-do-campo-promovido-pela-vl-agropecuaria","status":"publish","type":"post","link":"https:\/\/www.sudoestehoje.com.br\/novoportal\/2024\/08\/12\/agro-hb-sementes-participa-do-dia-do-campo-promovido-pela-vl-agropecuaria\/","title":{"rendered":"AGRO | HB SEMENTES PARTICIPA DO &#8216;DIA DO CAMPO&#8217; PROMOVIDO PELA VL AGROPECU\u00c1RIA"},"content":{"rendered":"<p><img loading=\"lazy\" decoding=\"async\" class=\"alignnone  wp-image-118494\" src=\"https:\/\/www.sudoestehoje.com.br\/novoportal\/wp-content\/uploads\/2024\/08\/fe0dbfce-6bf8-4076-8c9a-07d9ba91a1de-600x437.jpg\" alt=\"\" width=\"549\" height=\"400\" srcset=\"https:\/\/www.sudoestehoje.com.br\/novoportal\/wp-content\/uploads\/2024\/08\/fe0dbfce-6bf8-4076-8c9a-07d9ba91a1de-600x437.jpg 600w, https:\/\/www.sudoestehoje.com.br\/novoportal\/wp-content\/uploads\/2024\/08\/fe0dbfce-6bf8-4076-8c9a-07d9ba91a1de.jpg 668w\" sizes=\"auto, (max-width: 549px) 100vw, 549px\" \/><\/p>\n<p><strong>Dia de Campo da VL Agropecu\u00e1ria hoje na Fazenda Floren\u00e7a, evento que faz parte do Grande Leil\u00e3o de 31\/08\/2024. Estivemos presentes participando junto com F. Pinna, Daniel Bessert(Palestrante) e conferindo toda qualidade apresentada nas importantes informa\u00e7\u00f5es transmitidas e tamb\u00e9m nos animais que foram apresentados. Um verdadeiro SHOW!. <\/strong><br \/>\n<strong>#VLEMATSUDASEMPREJUNTOS!<\/strong><\/p>\n","protected":false},"excerpt":{"rendered":"<p>Dia de Campo da VL Agropecu\u00e1ria hoje na Fazenda Floren\u00e7a, evento que faz parte do Grande Leil\u00e3o de 31\/08\/2024. Estivemos presentes participando junto com F. Pinna, Daniel Bessert(Palestrante) e conferindo toda qualidade apresentada nas importantes informa\u00e7\u00f5es transmitidas e tamb\u00e9m nos animais que foram apresentados. Um verdadeiro SHOW!. #VLEMATSUDASEMPREJUNTOS!<\/p>\n","protected":false},"author":2,"featured_media":118494,"comment_status":"closed","ping_status":"open","sticky":false,"template":"","format":"standard","meta":{"footnotes":"","_links_to":"","_links_to_target":""},"categories":[1],"tags":[],"class_list":["post-118493","post","type-post","status-publish","format-standard","has-post-thumbnail","hentry","category-geral"],"views":700,"_links":{"self":[{"href":"https:\/\/www.sudoestehoje.com.br\/novoportal\/wp-json\/wp\/v2\/posts\/118493","targetHints":{"allow":["GET"]}}],"collection":[{"href":"https:\/\/www.sudoestehoje.com.br\/novoportal\/wp-json\/wp\/v2\/posts"}],"about":[{"href":"https:\/\/www.sudoestehoje.com.br\/novoportal\/wp-json\/wp\/v2\/types\/post"}],"author":[{"embeddable":true,"href":"https:\/\/www.sudoestehoje.com.br\/novoportal\/wp-json\/wp\/v2\/users\/2"}],"replies":[{"embeddable":true,"href":"https:\/\/www.sudoestehoje.com.br\/novoportal\/wp-json\/wp\/v2\/comments?post=118493"}],"version-history":[{"count":1,"href":"https:\/\/www.sudoestehoje.com.br\/novoportal\/wp-json\/wp\/v2\/posts\/118493\/revisions"}],"predecessor-version":[{"id":118495,"href":"https:\/\/www.sudoestehoje.com.br\/novoportal\/wp-json\/wp\/v2\/posts\/118493\/revisions\/118495"}],"wp:featuredmedia":[{"embeddable":true,"href":"https:\/\/www.sudoestehoje.com.br\/novoportal\/wp-json\/wp\/v2\/media\/118494"}],"wp:attachment":[{"href":"https:\/\/www.sudoestehoje.com.br\/novoportal\/wp-json\/wp\/v2\/media?parent=118493"}],"wp:term":[{"taxonomy":"category","embeddable":true,"href":"https:\/\/www.sudoestehoje.com.br\/novoportal\/wp-json\/wp\/v2\/categories?post=118493"},{"taxonomy":"post_tag","embeddable":true,"href":"https:\/\/www.sudoestehoje.com.br\/novoportal\/wp-json\/wp\/v2\/tags?post=118493"}],"curies":[{"name":"wp","href":"https:\/\/api.w.org\/{rel}","templated":true}]}}