
{"id":118487,"date":"2024-08-12T09:19:03","date_gmt":"2024-08-12T12:19:03","guid":{"rendered":"https:\/\/www.sudoestehoje.com.br\/novoportal\/?p=118487"},"modified":"2024-08-12T09:35:08","modified_gmt":"2024-08-12T12:35:08","slug":"itapetinga-montagem-da-estrutura-para-o-show-do-padre-fabio-de-melo-em-andamento","status":"publish","type":"post","link":"https:\/\/www.sudoestehoje.com.br\/novoportal\/2024\/08\/12\/itapetinga-montagem-da-estrutura-para-o-show-do-padre-fabio-de-melo-em-andamento\/","title":{"rendered":"ITAPETINGA | MONTAGEM DA ESTRUTURA PARA O SHOW DO PADRE F\u00c1BIO DE MELO EM ANDAMENTO"},"content":{"rendered":"<p><img loading=\"lazy\" decoding=\"async\" class=\"alignnone wp-image-118489\" src=\"https:\/\/www.sudoestehoje.com.br\/novoportal\/wp-content\/uploads\/2024\/08\/348928e5-7ea5-4666-91a7-712a466fa734-600x338.jpg\" alt=\"\" width=\"550\" height=\"310\" srcset=\"https:\/\/www.sudoestehoje.com.br\/novoportal\/wp-content\/uploads\/2024\/08\/348928e5-7ea5-4666-91a7-712a466fa734-600x338.jpg 600w, https:\/\/www.sudoestehoje.com.br\/novoportal\/wp-content\/uploads\/2024\/08\/348928e5-7ea5-4666-91a7-712a466fa734-700x394.jpg 700w, https:\/\/www.sudoestehoje.com.br\/novoportal\/wp-content\/uploads\/2024\/08\/348928e5-7ea5-4666-91a7-712a466fa734-768x432.jpg 768w, https:\/\/www.sudoestehoje.com.br\/novoportal\/wp-content\/uploads\/2024\/08\/348928e5-7ea5-4666-91a7-712a466fa734-1536x865.jpg 1536w, https:\/\/www.sudoestehoje.com.br\/novoportal\/wp-content\/uploads\/2024\/08\/348928e5-7ea5-4666-91a7-712a466fa734.jpg 1600w\" sizes=\"auto, (max-width: 550px) 100vw, 550px\" \/><\/p>\n<p>Teve in\u00edcio neste domingo (11), a montagem da estrutura de palco, som e camarins para o show do Padre F\u00e1bio de Melo, previsto para acontecer nesta ter\u00e7a-feira (13), na Pra\u00e7a Dairy Valley, em frente ao Pa\u00e7o Municipal.<\/p>\n<p>O show, que acontece concomitantemente com a inaugura\u00e7\u00e3o do Hospital Virg\u00ednia Hagge, comemora tamb\u00e9m o anivers\u00e1rio da Santa Dulce dos Pobres, conhecida como o &#8216;anjo bom da Bahia&#8217;, que viveu \u00e0 servi\u00e7o da caridade.<\/p>\n<p>A inaugura\u00e7\u00e3o do hospital acontecer\u00e1 \u00e1s 9h desta ter\u00e7a (13), enquanto o show do Padre F\u00e1bio de Melo est\u00e1 previsto para as 20h, no mesmo dia.<\/p>\n<p>Por Davi Ferraz<\/p>\n<p><img loading=\"lazy\" decoding=\"async\" class=\"alignnone size-full wp-image-118155\" src=\"https:\/\/www.sudoestehoje.com.br\/novoportal\/wp-content\/uploads\/2024\/07\/BANNER-550x110-GERAL-2-2.gif\" alt=\"\" width=\"550\" height=\"110\" \/><\/p>\n","protected":false},"excerpt":{"rendered":"<p>Teve in\u00edcio neste domingo (11), a montagem da estrutura de palco, som e camarins para o show do Padre F\u00e1bio de Melo, previsto para acontecer nesta ter\u00e7a-feira (13), na Pra\u00e7a Dairy Valley, em frente ao Pa\u00e7o Municipal. O show, que acontece concomitantemente com a inaugura\u00e7\u00e3o do Hospital Virg\u00ednia Hagge, comemora tamb\u00e9m o anivers\u00e1rio da Santa [&hellip;]<\/p>\n","protected":false},"author":2,"featured_media":118489,"comment_status":"closed","ping_status":"open","sticky":false,"template":"","format":"standard","meta":{"footnotes":"","_links_to":"","_links_to_target":""},"categories":[1],"tags":[],"class_list":["post-118487","post","type-post","status-publish","format-standard","has-post-thumbnail","hentry","category-geral"],"views":801,"_links":{"self":[{"href":"https:\/\/www.sudoestehoje.com.br\/novoportal\/wp-json\/wp\/v2\/posts\/118487","targetHints":{"allow":["GET"]}}],"collection":[{"href":"https:\/\/www.sudoestehoje.com.br\/novoportal\/wp-json\/wp\/v2\/posts"}],"about":[{"href":"https:\/\/www.sudoestehoje.com.br\/novoportal\/wp-json\/wp\/v2\/types\/post"}],"author":[{"embeddable":true,"href":"https:\/\/www.sudoestehoje.com.br\/novoportal\/wp-json\/wp\/v2\/users\/2"}],"replies":[{"embeddable":true,"href":"https:\/\/www.sudoestehoje.com.br\/novoportal\/wp-json\/wp\/v2\/comments?post=118487"}],"version-history":[{"count":4,"href":"https:\/\/www.sudoestehoje.com.br\/novoportal\/wp-json\/wp\/v2\/posts\/118487\/revisions"}],"predecessor-version":[{"id":118492,"href":"https:\/\/www.sudoestehoje.com.br\/novoportal\/wp-json\/wp\/v2\/posts\/118487\/revisions\/118492"}],"wp:featuredmedia":[{"embeddable":true,"href":"https:\/\/www.sudoestehoje.com.br\/novoportal\/wp-json\/wp\/v2\/media\/118489"}],"wp:attachment":[{"href":"https:\/\/www.sudoestehoje.com.br\/novoportal\/wp-json\/wp\/v2\/media?parent=118487"}],"wp:term":[{"taxonomy":"category","embeddable":true,"href":"https:\/\/www.sudoestehoje.com.br\/novoportal\/wp-json\/wp\/v2\/categories?post=118487"},{"taxonomy":"post_tag","embeddable":true,"href":"https:\/\/www.sudoestehoje.com.br\/novoportal\/wp-json\/wp\/v2\/tags?post=118487"}],"curies":[{"name":"wp","href":"https:\/\/api.w.org\/{rel}","templated":true}]}}