
{"id":118481,"date":"2024-08-11T18:58:47","date_gmt":"2024-08-11T21:58:47","guid":{"rendered":"https:\/\/www.sudoestehoje.com.br\/novoportal\/?p=118481"},"modified":"2024-08-11T19:07:23","modified_gmt":"2024-08-11T22:07:23","slug":"brasileirao-bahia-vence-o-classico-contra-o-vitoria-mas-continua-em-7o-vitoria-e-o-15o","status":"publish","type":"post","link":"https:\/\/www.sudoestehoje.com.br\/novoportal\/2024\/08\/11\/brasileirao-bahia-vence-o-classico-contra-o-vitoria-mas-continua-em-7o-vitoria-e-o-15o\/","title":{"rendered":"BRASILEIR\u00c3O | BAHIA VENCE O CL\u00c1SSICO CONTRA O VIT\u00d3RIA, MAS CONTINUA EM 7\u00ba; VIT\u00d3RIA \u00c9 O 15\u00ba"},"content":{"rendered":"<p><strong>Mesmo com rosto machucado, o capit\u00e3o Everton Ribeiro abriu o placar para\u00a0 o Bahia<\/strong><\/p>\n<p><img loading=\"lazy\" decoding=\"async\" class=\"alignnone wp-image-118482\" src=\"https:\/\/www.sudoestehoje.com.br\/novoportal\/wp-content\/uploads\/2024\/08\/everton-bahia-e1723410500571-600x337.webp\" alt=\"\" width=\"549\" height=\"308\" srcset=\"https:\/\/www.sudoestehoje.com.br\/novoportal\/wp-content\/uploads\/2024\/08\/everton-bahia-e1723410500571-600x337.webp 600w, https:\/\/www.sudoestehoje.com.br\/novoportal\/wp-content\/uploads\/2024\/08\/everton-bahia-e1723410500571-700x393.webp 700w, https:\/\/www.sudoestehoje.com.br\/novoportal\/wp-content\/uploads\/2024\/08\/everton-bahia-e1723410500571-768x431.webp 768w, https:\/\/www.sudoestehoje.com.br\/novoportal\/wp-content\/uploads\/2024\/08\/everton-bahia-e1723410500571.webp 1200w\" sizes=\"auto, (max-width: 549px) 100vw, 549px\" \/><\/p>\n<p>O lado tricolor de Salvador (BA) vai dormir mais feliz neste domingo (11). Em cl\u00e1ssico disputado na Arena Fonte Nova, o Bahia venceu o Vit\u00f3ria por 2 a 0, pela 22\u00aa rodada da S\u00e9rie A do Campeonato Brasileiro.<\/p>\n<p>Os gols decisivos foram marcados por Everton Ribeiro, ainda aos 15 minutos do primeiro tempo, e Luciano Juba. Pouco antes do primeiro tento, o capit\u00e3o do Esquadr\u00e3o sofreu um choque no rosto que o acabaria tirando da partida.<\/p>\n<p>O cl\u00e1ssico, tenso, ainda ficou marcado pela expuls\u00e3o do t\u00e9cnico Thiago Carpini. Ap\u00f3s discutir com o \u00e1rbitro, o profissional recebeu dois cart\u00f5es amarelos e teve de ir direto para os vesti\u00e1rios no segundo tempo. Virou desfalque para o duelo contra o Cruzeiro.<\/p>\n<h2>Como fica a classifica\u00e7\u00e3o<\/h2>\n<p>Com o resultado, as duas equipes permanecem, por ora, nas posi\u00e7\u00f5es que iniciaram a rodada. O Bahia \u00e9 o s\u00e9timo colocado, com 35 pontos, e o Vit\u00f3ria \u00e9 o 15\u00ba, com 21.<\/p>\n<p><img loading=\"lazy\" decoding=\"async\" class=\"alignnone size-full wp-image-118155\" src=\"https:\/\/www.sudoestehoje.com.br\/novoportal\/wp-content\/uploads\/2024\/07\/BANNER-550x110-GERAL-2-2.gif\" alt=\"\" width=\"550\" height=\"110\" \/><\/p>\n","protected":false},"excerpt":{"rendered":"<p>Mesmo com rosto machucado, o capit\u00e3o Everton Ribeiro abriu o placar para\u00a0 o Bahia O lado tricolor de Salvador (BA) vai dormir mais feliz neste domingo (11). Em cl\u00e1ssico disputado na Arena Fonte Nova, o Bahia venceu o Vit\u00f3ria por 2 a 0, pela 22\u00aa rodada da S\u00e9rie A do Campeonato Brasileiro. Os gols decisivos [&hellip;]<\/p>\n","protected":false},"author":2,"featured_media":118482,"comment_status":"closed","ping_status":"open","sticky":false,"template":"","format":"standard","meta":{"footnotes":"","_links_to":"","_links_to_target":""},"categories":[1],"tags":[],"class_list":["post-118481","post","type-post","status-publish","format-standard","has-post-thumbnail","hentry","category-geral"],"views":458,"_links":{"self":[{"href":"https:\/\/www.sudoestehoje.com.br\/novoportal\/wp-json\/wp\/v2\/posts\/118481","targetHints":{"allow":["GET"]}}],"collection":[{"href":"https:\/\/www.sudoestehoje.com.br\/novoportal\/wp-json\/wp\/v2\/posts"}],"about":[{"href":"https:\/\/www.sudoestehoje.com.br\/novoportal\/wp-json\/wp\/v2\/types\/post"}],"author":[{"embeddable":true,"href":"https:\/\/www.sudoestehoje.com.br\/novoportal\/wp-json\/wp\/v2\/users\/2"}],"replies":[{"embeddable":true,"href":"https:\/\/www.sudoestehoje.com.br\/novoportal\/wp-json\/wp\/v2\/comments?post=118481"}],"version-history":[{"count":4,"href":"https:\/\/www.sudoestehoje.com.br\/novoportal\/wp-json\/wp\/v2\/posts\/118481\/revisions"}],"predecessor-version":[{"id":118486,"href":"https:\/\/www.sudoestehoje.com.br\/novoportal\/wp-json\/wp\/v2\/posts\/118481\/revisions\/118486"}],"wp:featuredmedia":[{"embeddable":true,"href":"https:\/\/www.sudoestehoje.com.br\/novoportal\/wp-json\/wp\/v2\/media\/118482"}],"wp:attachment":[{"href":"https:\/\/www.sudoestehoje.com.br\/novoportal\/wp-json\/wp\/v2\/media?parent=118481"}],"wp:term":[{"taxonomy":"category","embeddable":true,"href":"https:\/\/www.sudoestehoje.com.br\/novoportal\/wp-json\/wp\/v2\/categories?post=118481"},{"taxonomy":"post_tag","embeddable":true,"href":"https:\/\/www.sudoestehoje.com.br\/novoportal\/wp-json\/wp\/v2\/tags?post=118481"}],"curies":[{"name":"wp","href":"https:\/\/api.w.org\/{rel}","templated":true}]}}