
{"id":11833,"date":"2012-01-06T22:26:50","date_gmt":"2012-01-07T01:26:50","guid":{"rendered":"http:\/\/www.sudoestehoje.com.br\/novoportal\/?p=11833"},"modified":"2012-01-06T22:35:00","modified_gmt":"2012-01-07T01:35:00","slug":"geraldo-simoes-se-defende-no-facebook","status":"publish","type":"post","link":"https:\/\/www.sudoestehoje.com.br\/novoportal\/2012\/01\/06\/geraldo-simoes-se-defende-no-facebook\/","title":{"rendered":"GERALDO SIM\u00d5ES SE DEFENDE NO FACEBOOK"},"content":{"rendered":"<p><img decoding=\"async\" class=\"alignleft\" src=\"http:\/\/www.bahiatododia.com.br\/spn-admin\/midias\/imagens\/artigos\/10434_geraldosimoes.jpg\" alt=\"\" \/>Utilizando o facebook, o deputado federal Geraldo Sim\u00f5es (PT-BA) tentou justificar na \u00faltima quarta (4) o erro do programa a A Voz do Brasil do \u00faltimo dia 30 de dezembro, que citou um discurso do parlamentar sobre a viol\u00eancia em Itabuna como se o mesmo estivesse se referindo a Vit\u00f3ria da Conquista. \u201cO que aconteceu foi um lament\u00e1vel equ\u00edvoco na transmiss\u00e3o radiof\u00f4nica\u201d, postou na rede social.<br \/>\nO mal estar causado pela transmiss\u00e3o foi corrigido depois que A Voz do Brasil retificou o conte\u00fado da mat\u00e9ria. \u201cNa verdade, nunca critiquei a gest\u00e3o de Vit\u00f3ria da Conquista e de meu companheiro Guilherme (Guilherme Menezes (PT)). Desde 1997, Conquista \u00e9 um exemplo de pol\u00edticas p\u00fablicas de inclus\u00e3o social e cidadania que servem de exemplo para outros munic\u00edpios\u201d, afirmou Geraldo Sim\u00f5es.<\/p>\n<p>Nas redes sociais, entretanto, a informa\u00e7\u00e3o ainda circula sem a retifica\u00e7\u00e3o. Um usu\u00e1rio postou, nesta quinta (5), no mural do perfil do deputado no facebook, o link de um site do interior do estado em que Geraldo Sim\u00f5es aparece como cr\u00edtico \u00e0 gest\u00e3o petista em Conquista. Ao que parece, o erro vai demorar a ser corrigido.<\/p>\n<p>A mat\u00e9ria sobre a cr\u00edtica do deputado Geraldo Sim\u00f5es aos petistas de Vit\u00f3ria da Conquista, na Voz do Brasil, \u00a0foi publicada em primeira m\u00e3o pelo <em>SUDOESTE HOJE<\/em>, na segunda-feira (2), repercutindo nos sites e blogs de Vit\u00f3ria da Conquista e de todo o Estado, o que exigiu um tremendo esfor\u00e7o do parlamentar, para tentar explicar o &#8220;mal entendido&#8221;.<\/p>\n<p><em><strong>Por DAVI FERRAZ<\/strong><\/em><\/p>\n<p><strong><em><br \/>\n<\/em><\/strong><\/p>\n","protected":false},"excerpt":{"rendered":"<p>Utilizando o facebook, o deputado federal Geraldo Sim\u00f5es (PT-BA) tentou justificar na \u00faltima quarta (4) o erro do programa a A Voz do Brasil do \u00faltimo dia 30 de dezembro, que citou um discurso do parlamentar sobre a viol\u00eancia em Itabuna como se o mesmo estivesse se referindo a Vit\u00f3ria da Conquista. \u201cO que aconteceu [&hellip;]<\/p>\n","protected":false},"author":2,"featured_media":0,"comment_status":"open","ping_status":"open","sticky":false,"template":"","format":"standard","meta":{"footnotes":"","_links_to":"","_links_to_target":""},"categories":[1],"tags":[],"class_list":["post-11833","post","type-post","status-publish","format-standard","hentry","category-geral"],"views":1262,"_links":{"self":[{"href":"https:\/\/www.sudoestehoje.com.br\/novoportal\/wp-json\/wp\/v2\/posts\/11833","targetHints":{"allow":["GET"]}}],"collection":[{"href":"https:\/\/www.sudoestehoje.com.br\/novoportal\/wp-json\/wp\/v2\/posts"}],"about":[{"href":"https:\/\/www.sudoestehoje.com.br\/novoportal\/wp-json\/wp\/v2\/types\/post"}],"author":[{"embeddable":true,"href":"https:\/\/www.sudoestehoje.com.br\/novoportal\/wp-json\/wp\/v2\/users\/2"}],"replies":[{"embeddable":true,"href":"https:\/\/www.sudoestehoje.com.br\/novoportal\/wp-json\/wp\/v2\/comments?post=11833"}],"version-history":[{"count":5,"href":"https:\/\/www.sudoestehoje.com.br\/novoportal\/wp-json\/wp\/v2\/posts\/11833\/revisions"}],"predecessor-version":[{"id":11837,"href":"https:\/\/www.sudoestehoje.com.br\/novoportal\/wp-json\/wp\/v2\/posts\/11833\/revisions\/11837"}],"wp:attachment":[{"href":"https:\/\/www.sudoestehoje.com.br\/novoportal\/wp-json\/wp\/v2\/media?parent=11833"}],"wp:term":[{"taxonomy":"category","embeddable":true,"href":"https:\/\/www.sudoestehoje.com.br\/novoportal\/wp-json\/wp\/v2\/categories?post=11833"},{"taxonomy":"post_tag","embeddable":true,"href":"https:\/\/www.sudoestehoje.com.br\/novoportal\/wp-json\/wp\/v2\/tags?post=11833"}],"curies":[{"name":"wp","href":"https:\/\/api.w.org\/{rel}","templated":true}]}}