
{"id":118311,"date":"2024-08-02T09:31:18","date_gmt":"2024-08-02T12:31:18","guid":{"rendered":"https:\/\/www.sudoestehoje.com.br\/novoportal\/?p=118311"},"modified":"2024-08-02T10:55:08","modified_gmt":"2024-08-02T13:55:08","slug":"118311","status":"publish","type":"post","link":"https:\/\/www.sudoestehoje.com.br\/novoportal\/2024\/08\/02\/118311\/","title":{"rendered":"CONVITE PARA A CONVEN\u00c7\u00c3O MUNICIPAL DO PDT"},"content":{"rendered":"<p><img loading=\"lazy\" decoding=\"async\" class=\"alignnone wp-image-118312\" src=\"https:\/\/www.sudoestehoje.com.br\/novoportal\/wp-content\/uploads\/2024\/08\/53a8ec2a-f2f4-49e9-b134-70082d193cca-600x460.jpg\" alt=\"\" width=\"553\" height=\"424\" srcset=\"https:\/\/www.sudoestehoje.com.br\/novoportal\/wp-content\/uploads\/2024\/08\/53a8ec2a-f2f4-49e9-b134-70082d193cca-600x460.jpg 600w, https:\/\/www.sudoestehoje.com.br\/novoportal\/wp-content\/uploads\/2024\/08\/53a8ec2a-f2f4-49e9-b134-70082d193cca-700x537.jpg 700w, https:\/\/www.sudoestehoje.com.br\/novoportal\/wp-content\/uploads\/2024\/08\/53a8ec2a-f2f4-49e9-b134-70082d193cca-768x589.jpg 768w, https:\/\/www.sudoestehoje.com.br\/novoportal\/wp-content\/uploads\/2024\/08\/53a8ec2a-f2f4-49e9-b134-70082d193cca.jpg 1181w\" sizes=\"auto, (max-width: 553px) 100vw, 553px\" \/><\/p>\n<p><strong>A comiss\u00e3o provis\u00f3ria do PDT-Itapetinga convoca seus convencionados, para ato de Conven\u00e7\u00e3o Municipal do partido, a ser realizado no Domingo , 04 de agosto, \u00e0 partir das 11h, para as seguintes delibera\u00e7\u00f5es:<\/strong><\/p>\n<p><strong>Coliga\u00e7\u00e3o Partid\u00e1ria para elei\u00e7\u00e3o da majorit\u00e1ria;<\/strong><br \/>\n<strong>Escolha dos candidatos a vereadores pelo partido;<\/strong><br \/>\n<strong>O que ocorrer.<\/strong><\/p>\n<p><strong>O presidente Gustavo Costa David avisa que a CONVEN\u00c7\u00c3O ir\u00e1 transcorrer o momento solene com as devidas delibera\u00e7\u00f5es, para cumprimento de legisla\u00e7\u00e3o vigente. <\/strong><\/p>\n<p><strong>O presente convite \u00e9 extensivo \u00e0 toda popula\u00e7\u00e3o, para testemunhar os atos partid\u00e1rios.<\/strong><\/p>\n<p><strong>Local: GABIRAB\u00c3O<\/strong><\/p>\n<p><img loading=\"lazy\" decoding=\"async\" class=\"alignnone wp-image-118313\" src=\"https:\/\/www.sudoestehoje.com.br\/novoportal\/wp-content\/uploads\/2024\/08\/76e31589-ee15-4f77-9979-8b44f03f11d3-575x800.jpg\" alt=\"\" width=\"552\" height=\"768\" srcset=\"https:\/\/www.sudoestehoje.com.br\/novoportal\/wp-content\/uploads\/2024\/08\/76e31589-ee15-4f77-9979-8b44f03f11d3-575x800.jpg 575w, https:\/\/www.sudoestehoje.com.br\/novoportal\/wp-content\/uploads\/2024\/08\/76e31589-ee15-4f77-9979-8b44f03f11d3-700x974.jpg 700w, https:\/\/www.sudoestehoje.com.br\/novoportal\/wp-content\/uploads\/2024\/08\/76e31589-ee15-4f77-9979-8b44f03f11d3-768x1069.jpg 768w, https:\/\/www.sudoestehoje.com.br\/novoportal\/wp-content\/uploads\/2024\/08\/76e31589-ee15-4f77-9979-8b44f03f11d3.jpg 1028w\" sizes=\"auto, (max-width: 552px) 100vw, 552px\" \/><\/p>\n","protected":false},"excerpt":{"rendered":"<p>A comiss\u00e3o provis\u00f3ria do PDT-Itapetinga convoca seus convencionados, para ato de Conven\u00e7\u00e3o Municipal do partido, a ser realizado no Domingo , 04 de agosto, \u00e0 partir das 11h, para as seguintes delibera\u00e7\u00f5es: Coliga\u00e7\u00e3o Partid\u00e1ria para elei\u00e7\u00e3o da majorit\u00e1ria; Escolha dos candidatos a vereadores pelo partido; O que ocorrer. O presidente Gustavo Costa David avisa que [&hellip;]<\/p>\n","protected":false},"author":2,"featured_media":118312,"comment_status":"closed","ping_status":"open","sticky":false,"template":"","format":"standard","meta":{"footnotes":"","_links_to":"","_links_to_target":""},"categories":[1],"tags":[],"class_list":["post-118311","post","type-post","status-publish","format-standard","has-post-thumbnail","hentry","category-geral"],"views":481,"_links":{"self":[{"href":"https:\/\/www.sudoestehoje.com.br\/novoportal\/wp-json\/wp\/v2\/posts\/118311","targetHints":{"allow":["GET"]}}],"collection":[{"href":"https:\/\/www.sudoestehoje.com.br\/novoportal\/wp-json\/wp\/v2\/posts"}],"about":[{"href":"https:\/\/www.sudoestehoje.com.br\/novoportal\/wp-json\/wp\/v2\/types\/post"}],"author":[{"embeddable":true,"href":"https:\/\/www.sudoestehoje.com.br\/novoportal\/wp-json\/wp\/v2\/users\/2"}],"replies":[{"embeddable":true,"href":"https:\/\/www.sudoestehoje.com.br\/novoportal\/wp-json\/wp\/v2\/comments?post=118311"}],"version-history":[{"count":5,"href":"https:\/\/www.sudoestehoje.com.br\/novoportal\/wp-json\/wp\/v2\/posts\/118311\/revisions"}],"predecessor-version":[{"id":118319,"href":"https:\/\/www.sudoestehoje.com.br\/novoportal\/wp-json\/wp\/v2\/posts\/118311\/revisions\/118319"}],"wp:featuredmedia":[{"embeddable":true,"href":"https:\/\/www.sudoestehoje.com.br\/novoportal\/wp-json\/wp\/v2\/media\/118312"}],"wp:attachment":[{"href":"https:\/\/www.sudoestehoje.com.br\/novoportal\/wp-json\/wp\/v2\/media?parent=118311"}],"wp:term":[{"taxonomy":"category","embeddable":true,"href":"https:\/\/www.sudoestehoje.com.br\/novoportal\/wp-json\/wp\/v2\/categories?post=118311"},{"taxonomy":"post_tag","embeddable":true,"href":"https:\/\/www.sudoestehoje.com.br\/novoportal\/wp-json\/wp\/v2\/tags?post=118311"}],"curies":[{"name":"wp","href":"https:\/\/api.w.org\/{rel}","templated":true}]}}