
{"id":11830,"date":"2012-01-06T21:54:22","date_gmt":"2012-01-07T00:54:22","guid":{"rendered":"http:\/\/www.sudoestehoje.com.br\/novoportal\/?p=11830"},"modified":"2012-01-06T21:54:22","modified_gmt":"2012-01-07T00:54:22","slug":"fim-de-linha","status":"publish","type":"post","link":"https:\/\/www.sudoestehoje.com.br\/novoportal\/2012\/01\/06\/fim-de-linha\/","title":{"rendered":"FIM DE LINHA&#8230;"},"content":{"rendered":"<p style=\"text-align: center;\"><img decoding=\"async\" class=\"aligncenter\" src=\"http:\/\/www.agricolandianews.com\/fotos\/zoom-opiniao-do-leitor-260.jpg\" alt=\"\" width=\"400\" \/><\/p>\n<p>Veja a bronca deste leitor:<\/p>\n<p><em>&#8220;Dr Davi, eu moro aqui em Itapetinga desde 1969, sempre acompanhei politica de perto, vi quase todos os prefeitos de Itapetinga durante seus mandatos. Todos eles tiveram suas participa\u00e7oes no desenvolvimento de Itapetinga, Espinheira, Padre Altamirando, Michel, Evandro, Dr.Z\u00e9 Marcos Gusm\u00e3o, Dr. Jos\u00e9 Ot\u00e1vio e agora o senhor Z\u00e9 Carlos Moura. Na minha opini\u00e3o Z\u00e9 Carlos Moura em tr\u00eas de anos de mandato conseguiu ser o pior prefeito de Itapetinga. Nunca vi um prefeito ser t\u00e3o desmoralizado pela opini\u00e3o p\u00fablica como esse prefeito. Onde a gente anda o povo s\u00f3 fala mal desse mo\u00e7o. A nossa cidade est\u00e1 um verdadeiro abandono. Nosso povo foi enganado, eu tamb\u00e9m fui, eu e minha fam\u00edlia votamos nesse prefeito, achando que ele ia resolver os problemas de Itapetinga, pelo contrario ele piorou a situa\u00e7\u00e3o do nosso munic\u00edpio. Confesso ao senhor Dr. Davi que hoje tenho vergonha em dizer que votei nesse mo\u00e7o. T\u00e1 na hora do povo ir pra rua e pedir o impeachment\u00a0dele. Se fizer uma enquete a n\u00edvel federal tenho certeza que ele conseguir\u00e1 ser o PIOR prefeito do Brasil. Esse prefeito veio de encomenda. Moro no bairro Primaveram e fiz \u00a0campanha danada pra ele. Mas em outubro vamos dar o troco. A derrota dele vai ser pior que a de Michel em 2008. Quem viver ver\u00e1. Ant\u00f4nio Santana (Primavera).&#8221;<\/em><\/p>\n<p><em>(Editamos)<\/em><\/p>\n","protected":false},"excerpt":{"rendered":"<p>Veja a bronca deste leitor: &#8220;Dr Davi, eu moro aqui em Itapetinga desde 1969, sempre acompanhei politica de perto, vi quase todos os prefeitos de Itapetinga durante seus mandatos. Todos eles tiveram suas participa\u00e7oes no desenvolvimento de Itapetinga, Espinheira, Padre Altamirando, Michel, Evandro, Dr.Z\u00e9 Marcos Gusm\u00e3o, Dr. Jos\u00e9 Ot\u00e1vio e agora o senhor Z\u00e9 Carlos [&hellip;]<\/p>\n","protected":false},"author":2,"featured_media":0,"comment_status":"open","ping_status":"open","sticky":false,"template":"","format":"standard","meta":{"footnotes":"","_links_to":"","_links_to_target":""},"categories":[1],"tags":[],"class_list":["post-11830","post","type-post","status-publish","format-standard","hentry","category-geral"],"views":1218,"_links":{"self":[{"href":"https:\/\/www.sudoestehoje.com.br\/novoportal\/wp-json\/wp\/v2\/posts\/11830","targetHints":{"allow":["GET"]}}],"collection":[{"href":"https:\/\/www.sudoestehoje.com.br\/novoportal\/wp-json\/wp\/v2\/posts"}],"about":[{"href":"https:\/\/www.sudoestehoje.com.br\/novoportal\/wp-json\/wp\/v2\/types\/post"}],"author":[{"embeddable":true,"href":"https:\/\/www.sudoestehoje.com.br\/novoportal\/wp-json\/wp\/v2\/users\/2"}],"replies":[{"embeddable":true,"href":"https:\/\/www.sudoestehoje.com.br\/novoportal\/wp-json\/wp\/v2\/comments?post=11830"}],"version-history":[{"count":2,"href":"https:\/\/www.sudoestehoje.com.br\/novoportal\/wp-json\/wp\/v2\/posts\/11830\/revisions"}],"predecessor-version":[{"id":11832,"href":"https:\/\/www.sudoestehoje.com.br\/novoportal\/wp-json\/wp\/v2\/posts\/11830\/revisions\/11832"}],"wp:attachment":[{"href":"https:\/\/www.sudoestehoje.com.br\/novoportal\/wp-json\/wp\/v2\/media?parent=11830"}],"wp:term":[{"taxonomy":"category","embeddable":true,"href":"https:\/\/www.sudoestehoje.com.br\/novoportal\/wp-json\/wp\/v2\/categories?post=11830"},{"taxonomy":"post_tag","embeddable":true,"href":"https:\/\/www.sudoestehoje.com.br\/novoportal\/wp-json\/wp\/v2\/tags?post=11830"}],"curies":[{"name":"wp","href":"https:\/\/api.w.org\/{rel}","templated":true}]}}