
{"id":118272,"date":"2024-07-31T09:56:52","date_gmt":"2024-07-31T12:56:52","guid":{"rendered":"https:\/\/www.sudoestehoje.com.br\/novoportal\/?p=118272"},"modified":"2024-07-31T09:56:52","modified_gmt":"2024-07-31T12:56:52","slug":"casa-pega-fogo-apos-crianca-acender-fosforo-em-baixo-do-colchao-na-bahia","status":"publish","type":"post","link":"https:\/\/www.sudoestehoje.com.br\/novoportal\/2024\/07\/31\/casa-pega-fogo-apos-crianca-acender-fosforo-em-baixo-do-colchao-na-bahia\/","title":{"rendered":"CASA PEGA FOGO AP\u00d3S CRIAN\u00c7A ACENDER F\u00d3SFORO EM BAIXO DO COLCH\u00c3O NA BAHIA"},"content":{"rendered":"<p><img loading=\"lazy\" decoding=\"async\" class=\"alignnone  wp-image-118274\" src=\"https:\/\/www.sudoestehoje.com.br\/novoportal\/wp-content\/uploads\/2024\/07\/609CF11E-1A77-4357-B883-83FC1623DC51-600x400.jpeg\" alt=\"\" width=\"551\" height=\"367\" srcset=\"https:\/\/www.sudoestehoje.com.br\/novoportal\/wp-content\/uploads\/2024\/07\/609CF11E-1A77-4357-B883-83FC1623DC51-600x400.jpeg 600w, https:\/\/www.sudoestehoje.com.br\/novoportal\/wp-content\/uploads\/2024\/07\/609CF11E-1A77-4357-B883-83FC1623DC51-700x467.jpeg 700w, https:\/\/www.sudoestehoje.com.br\/novoportal\/wp-content\/uploads\/2024\/07\/609CF11E-1A77-4357-B883-83FC1623DC51-768x512.jpeg 768w, https:\/\/www.sudoestehoje.com.br\/novoportal\/wp-content\/uploads\/2024\/07\/609CF11E-1A77-4357-B883-83FC1623DC51.jpeg 1200w\" sizes=\"auto, (max-width: 551px) 100vw, 551px\" \/><\/p>\n<p><strong>Uma casa pegou fogo na noite desta ter\u00e7a-feira (30), ap\u00f3s uma crian\u00e7a de seis anos acender um f\u00f3sforo em baixo da cama em Salvador. Na casa viviam a m\u00e3e e duas crian\u00e7as, uma de nove e uma se seis. Ningu\u00e9m se feriu.<\/strong><\/p>\n<p><strong>Segundo informa\u00e7\u00f5es do Jornal Correio, o fogo se alastrou rapidamente, mas a m\u00e3e das crian\u00e7as conseguiu reagir e retir\u00e1-las em seguran\u00e7a. O inc\u00eandio foi controlado com a ajuda de populares. No inc\u00eandio, a fam\u00edlia perdeu documentos e todos os pertences.<\/strong><\/p>\n<p><strong>\u201cDepois da agonia, eu descobri que a minha menina pegou o f\u00f3sforo e acendeu debaixo do colch\u00e3o. Eu estava lavando roupa, quando ela me chamou. Na hora que eu cheguei, a imagem que eu vi foi o colch\u00e3o e outras coisas em chamas. A \u00fanica coisa que deu para salvar foi o celular que estava perto do fogo\u201d, disse a m\u00e3e ao jornal.<\/strong><\/p>\n","protected":false},"excerpt":{"rendered":"<p>Uma casa pegou fogo na noite desta ter\u00e7a-feira (30), ap\u00f3s uma crian\u00e7a de seis anos acender um f\u00f3sforo em baixo da cama em Salvador. Na casa viviam a m\u00e3e e duas crian\u00e7as, uma de nove e uma se seis. Ningu\u00e9m se feriu. Segundo informa\u00e7\u00f5es do Jornal Correio, o fogo se alastrou rapidamente, mas a m\u00e3e [&hellip;]<\/p>\n","protected":false},"author":2,"featured_media":118274,"comment_status":"closed","ping_status":"open","sticky":false,"template":"","format":"standard","meta":{"footnotes":"","_links_to":"","_links_to_target":""},"categories":[1],"tags":[],"class_list":["post-118272","post","type-post","status-publish","format-standard","has-post-thumbnail","hentry","category-geral"],"views":448,"_links":{"self":[{"href":"https:\/\/www.sudoestehoje.com.br\/novoportal\/wp-json\/wp\/v2\/posts\/118272","targetHints":{"allow":["GET"]}}],"collection":[{"href":"https:\/\/www.sudoestehoje.com.br\/novoportal\/wp-json\/wp\/v2\/posts"}],"about":[{"href":"https:\/\/www.sudoestehoje.com.br\/novoportal\/wp-json\/wp\/v2\/types\/post"}],"author":[{"embeddable":true,"href":"https:\/\/www.sudoestehoje.com.br\/novoportal\/wp-json\/wp\/v2\/users\/2"}],"replies":[{"embeddable":true,"href":"https:\/\/www.sudoestehoje.com.br\/novoportal\/wp-json\/wp\/v2\/comments?post=118272"}],"version-history":[{"count":2,"href":"https:\/\/www.sudoestehoje.com.br\/novoportal\/wp-json\/wp\/v2\/posts\/118272\/revisions"}],"predecessor-version":[{"id":118275,"href":"https:\/\/www.sudoestehoje.com.br\/novoportal\/wp-json\/wp\/v2\/posts\/118272\/revisions\/118275"}],"wp:featuredmedia":[{"embeddable":true,"href":"https:\/\/www.sudoestehoje.com.br\/novoportal\/wp-json\/wp\/v2\/media\/118274"}],"wp:attachment":[{"href":"https:\/\/www.sudoestehoje.com.br\/novoportal\/wp-json\/wp\/v2\/media?parent=118272"}],"wp:term":[{"taxonomy":"category","embeddable":true,"href":"https:\/\/www.sudoestehoje.com.br\/novoportal\/wp-json\/wp\/v2\/categories?post=118272"},{"taxonomy":"post_tag","embeddable":true,"href":"https:\/\/www.sudoestehoje.com.br\/novoportal\/wp-json\/wp\/v2\/tags?post=118272"}],"curies":[{"name":"wp","href":"https:\/\/api.w.org\/{rel}","templated":true}]}}