
{"id":118253,"date":"2024-07-30T10:24:53","date_gmt":"2024-07-30T13:24:53","guid":{"rendered":"https:\/\/www.sudoestehoje.com.br\/novoportal\/?p=118253"},"modified":"2024-07-30T10:26:29","modified_gmt":"2024-07-30T13:26:29","slug":"vergonha-pt-nacional-reconhece-vitoria-de-maduro-como-legitima-e-democratica","status":"publish","type":"post","link":"https:\/\/www.sudoestehoje.com.br\/novoportal\/2024\/07\/30\/vergonha-pt-nacional-reconhece-vitoria-de-maduro-como-legitima-e-democratica\/","title":{"rendered":"VERGONHA | PT NACIONAL RECONHECE VIT\u00d3RIA DE MADURO COMO &#8220;LEG\u00cdTIMA E DEMOCR\u00c1TICA&#8221;"},"content":{"rendered":"<p><img loading=\"lazy\" decoding=\"async\" class=\"alignnone wp-image-118254\" src=\"https:\/\/www.sudoestehoje.com.br\/novoportal\/wp-content\/uploads\/2024\/07\/5D13982C-F718-46BE-83B8-6B2C360B7CBB-600x337.webp\" alt=\"\" width=\"550\" height=\"309\" srcset=\"https:\/\/www.sudoestehoje.com.br\/novoportal\/wp-content\/uploads\/2024\/07\/5D13982C-F718-46BE-83B8-6B2C360B7CBB-600x337.webp 600w, https:\/\/www.sudoestehoje.com.br\/novoportal\/wp-content\/uploads\/2024\/07\/5D13982C-F718-46BE-83B8-6B2C360B7CBB-700x394.webp 700w, https:\/\/www.sudoestehoje.com.br\/novoportal\/wp-content\/uploads\/2024\/07\/5D13982C-F718-46BE-83B8-6B2C360B7CBB-768x432.webp 768w, https:\/\/www.sudoestehoje.com.br\/novoportal\/wp-content\/uploads\/2024\/07\/5D13982C-F718-46BE-83B8-6B2C360B7CBB.webp 900w\" sizes=\"auto, (max-width: 550px) 100vw, 550px\" \/><\/p>\n<p><strong>A Executiva Nacional do PT declarou nesta segunda-feira (29), atrav\u00e9s de nota, que o reconhecimento processo eleitoral na Venezuela, que resultou na vit\u00f3ria do atual presidente, Nicolas Maduro. Na nota, o partido ressaltou a import\u00e2ncia do presidente reeleito continuar dialogando com a oposi\u00e7\u00e3o para resolver os problemas do pa\u00eds.<\/strong><\/p>\n<p><strong>A reelei\u00e7\u00e3o de Maduro aconteceu neste domingo (28) e foi proclamada nesta segunda-feira. A oposi\u00e7\u00e3o venezuelana n\u00e3o reconheceu o resultado \u00e9 alegou que as elei\u00e7\u00f5es foram fraudadas.<\/strong><\/p>\n<p><strong>Maduro expulsou os embaixadores de pa\u00edses que n\u00e3o aceitaram sua reelei\u00e7\u00e3o e classificou os manifestantes que protestavam contra seu governo como \u201cdrogados e armados\u201d.<\/strong><\/p>\n<p><strong>O PT, partido do presidente brasileiro Luiz In\u00e1cio Lula da Silva, declarou que continuar\u00e1 vigilante para contribuir, dentro de suas possibilidades, para que os problemas da Am\u00e9rica Latina e Caribe sejam tratados pelos povos da regi\u00e3o, sem viol\u00eancia ou inger\u00eancia externa.<\/strong><\/p>\n","protected":false},"excerpt":{"rendered":"<p>A Executiva Nacional do PT declarou nesta segunda-feira (29), atrav\u00e9s de nota, que o reconhecimento processo eleitoral na Venezuela, que resultou na vit\u00f3ria do atual presidente, Nicolas Maduro. Na nota, o partido ressaltou a import\u00e2ncia do presidente reeleito continuar dialogando com a oposi\u00e7\u00e3o para resolver os problemas do pa\u00eds. A reelei\u00e7\u00e3o de Maduro aconteceu neste [&hellip;]<\/p>\n","protected":false},"author":2,"featured_media":118254,"comment_status":"closed","ping_status":"open","sticky":false,"template":"","format":"standard","meta":{"footnotes":"","_links_to":"","_links_to_target":""},"categories":[1],"tags":[],"class_list":["post-118253","post","type-post","status-publish","format-standard","has-post-thumbnail","hentry","category-geral"],"views":746,"_links":{"self":[{"href":"https:\/\/www.sudoestehoje.com.br\/novoportal\/wp-json\/wp\/v2\/posts\/118253","targetHints":{"allow":["GET"]}}],"collection":[{"href":"https:\/\/www.sudoestehoje.com.br\/novoportal\/wp-json\/wp\/v2\/posts"}],"about":[{"href":"https:\/\/www.sudoestehoje.com.br\/novoportal\/wp-json\/wp\/v2\/types\/post"}],"author":[{"embeddable":true,"href":"https:\/\/www.sudoestehoje.com.br\/novoportal\/wp-json\/wp\/v2\/users\/2"}],"replies":[{"embeddable":true,"href":"https:\/\/www.sudoestehoje.com.br\/novoportal\/wp-json\/wp\/v2\/comments?post=118253"}],"version-history":[{"count":1,"href":"https:\/\/www.sudoestehoje.com.br\/novoportal\/wp-json\/wp\/v2\/posts\/118253\/revisions"}],"predecessor-version":[{"id":118255,"href":"https:\/\/www.sudoestehoje.com.br\/novoportal\/wp-json\/wp\/v2\/posts\/118253\/revisions\/118255"}],"wp:featuredmedia":[{"embeddable":true,"href":"https:\/\/www.sudoestehoje.com.br\/novoportal\/wp-json\/wp\/v2\/media\/118254"}],"wp:attachment":[{"href":"https:\/\/www.sudoestehoje.com.br\/novoportal\/wp-json\/wp\/v2\/media?parent=118253"}],"wp:term":[{"taxonomy":"category","embeddable":true,"href":"https:\/\/www.sudoestehoje.com.br\/novoportal\/wp-json\/wp\/v2\/categories?post=118253"},{"taxonomy":"post_tag","embeddable":true,"href":"https:\/\/www.sudoestehoje.com.br\/novoportal\/wp-json\/wp\/v2\/tags?post=118253"}],"curies":[{"name":"wp","href":"https:\/\/api.w.org\/{rel}","templated":true}]}}