
{"id":118238,"date":"2024-07-30T09:47:43","date_gmt":"2024-07-30T12:47:43","guid":{"rendered":"https:\/\/www.sudoestehoje.com.br\/novoportal\/?p=118238"},"modified":"2024-07-30T09:47:43","modified_gmt":"2024-07-30T12:47:43","slug":"presidente-da-coopardo-faz-palestra-sobre-o-agro-na-oab-de-vitoria-da-conquista","status":"publish","type":"post","link":"https:\/\/www.sudoestehoje.com.br\/novoportal\/2024\/07\/30\/presidente-da-coopardo-faz-palestra-sobre-o-agro-na-oab-de-vitoria-da-conquista\/","title":{"rendered":"PRESIDENTE DA COOPARDO FAZ PALESTRA SOBRE O AGRO NA OAB DE VIT\u00d3RIA DA  CONQUISTA"},"content":{"rendered":"<p><img loading=\"lazy\" decoding=\"async\" class=\"alignnone  wp-image-118240\" src=\"https:\/\/www.sudoestehoje.com.br\/novoportal\/wp-content\/uploads\/2024\/07\/871f53e4-d9fc-46fa-943d-78cb2dac0584-600x421.jpg\" alt=\"\" width=\"550\" height=\"386\" srcset=\"https:\/\/www.sudoestehoje.com.br\/novoportal\/wp-content\/uploads\/2024\/07\/871f53e4-d9fc-46fa-943d-78cb2dac0584-600x421.jpg 600w, https:\/\/www.sudoestehoje.com.br\/novoportal\/wp-content\/uploads\/2024\/07\/871f53e4-d9fc-46fa-943d-78cb2dac0584-700x491.jpg 700w, https:\/\/www.sudoestehoje.com.br\/novoportal\/wp-content\/uploads\/2024\/07\/871f53e4-d9fc-46fa-943d-78cb2dac0584-768x539.jpg 768w, https:\/\/www.sudoestehoje.com.br\/novoportal\/wp-content\/uploads\/2024\/07\/871f53e4-d9fc-46fa-943d-78cb2dac0584-1536x1078.jpg 1536w, https:\/\/www.sudoestehoje.com.br\/novoportal\/wp-content\/uploads\/2024\/07\/871f53e4-d9fc-46fa-943d-78cb2dac0584-2048x1438.jpg 2048w\" sizes=\"auto, (max-width: 550px) 100vw, 550px\" \/><\/p>\n<p><strong>O presidente da Coopardo, Alex Coelho, participou como palestrante, nesta segunda-feira (29), no evento &#8216;LIDERAR O FUTURO RURAL&#8217;, no audit\u00f3rio da OAB, na cidade de Vit\u00f3ria da Conquista, a convite do SEBRAE.\u00a0O tema abordado por Alex, foi &#8216;LIDERAN\u00c7AS INSPIRADORAS&#8217;.<\/strong><\/p>\n<p><strong>Com grande destaque no agro regional, o presidente da Coopardo vem sendo requisitado para participar de in\u00fameros eventos relacionados com a agropecu\u00e1ria, levando a sua experi\u00eancia e conhecimento aos produtores do campo em toda a Bahia e at\u00e9 em outros estados.<\/strong><\/p>\n<p><img loading=\"lazy\" decoding=\"async\" class=\"alignnone  wp-image-118242\" src=\"https:\/\/www.sudoestehoje.com.br\/novoportal\/wp-content\/uploads\/2024\/07\/2bc391a3-62af-4556-a673-3c10ffafaed1-600x502.jpg\" alt=\"\" width=\"552\" height=\"462\" srcset=\"https:\/\/www.sudoestehoje.com.br\/novoportal\/wp-content\/uploads\/2024\/07\/2bc391a3-62af-4556-a673-3c10ffafaed1-600x502.jpg 600w, https:\/\/www.sudoestehoje.com.br\/novoportal\/wp-content\/uploads\/2024\/07\/2bc391a3-62af-4556-a673-3c10ffafaed1-700x585.jpg 700w, https:\/\/www.sudoestehoje.com.br\/novoportal\/wp-content\/uploads\/2024\/07\/2bc391a3-62af-4556-a673-3c10ffafaed1-768x642.jpg 768w, https:\/\/www.sudoestehoje.com.br\/novoportal\/wp-content\/uploads\/2024\/07\/2bc391a3-62af-4556-a673-3c10ffafaed1-1536x1285.jpg 1536w, https:\/\/www.sudoestehoje.com.br\/novoportal\/wp-content\/uploads\/2024\/07\/2bc391a3-62af-4556-a673-3c10ffafaed1-2048x1713.jpg 2048w\" sizes=\"auto, (max-width: 552px) 100vw, 552px\" \/><\/p>\n<p><strong>Sob a presid\u00eancia de Alex Coelho, a Coopardo vem passando por profundas transforma\u00e7\u00f5es que a colocam entre as maiores cooperativas agropecu\u00e1rias da Bahia e l\u00edder regional. Confira fotos:<\/strong><\/p>\n\n\t\t<style type=\"text\/css\">\n\t\t\t#gallery-1 {\n\t\t\t\tmargin: auto;\n\t\t\t}\n\t\t\t#gallery-1 .gallery-item {\n\t\t\t\tfloat: left;\n\t\t\t\tmargin-top: 10px;\n\t\t\t\ttext-align: center;\n\t\t\t\twidth: 33%;\n\t\t\t}\n\t\t\t#gallery-1 img {\n\t\t\t\tborder: 2px solid #cfcfcf;\n\t\t\t}\n\t\t\t#gallery-1 .gallery-caption {\n\t\t\t\tmargin-left: 0;\n\t\t\t}\n\t\t\t\/* see gallery_shortcode() in wp-includes\/media.php *\/\n\t\t<\/style>\n\t\t<div id='gallery-1' class='gallery galleryid-118238 gallery-columns-3 gallery-size-thumbnail'><dl class='gallery-item'>\n\t\t\t<dt class='gallery-icon landscape'>\n\t\t\t\t<a href='https:\/\/www.sudoestehoje.com.br\/novoportal\/2024\/07\/30\/presidente-da-coopardo-faz-palestra-sobre-o-agro-na-oab-de-vitoria-da-conquista\/871f53e4-d9fc-46fa-943d-78cb2dac0584\/'><img loading=\"lazy\" decoding=\"async\" width=\"150\" height=\"150\" src=\"https:\/\/www.sudoestehoje.com.br\/novoportal\/wp-content\/uploads\/2024\/07\/871f53e4-d9fc-46fa-943d-78cb2dac0584-150x150.jpg\" class=\"attachment-thumbnail size-thumbnail\" alt=\"\" \/><\/a>\n\t\t\t<\/dt><\/dl><dl class='gallery-item'>\n\t\t\t<dt class='gallery-icon portrait'>\n\t\t\t\t<a href='https:\/\/www.sudoestehoje.com.br\/novoportal\/2024\/07\/30\/presidente-da-coopardo-faz-palestra-sobre-o-agro-na-oab-de-vitoria-da-conquista\/whatsapp-image-2024-07-30-at-08-10-38\/'><img loading=\"lazy\" decoding=\"async\" width=\"150\" height=\"150\" src=\"https:\/\/www.sudoestehoje.com.br\/novoportal\/wp-content\/uploads\/2024\/07\/WhatsApp-Image-2024-07-30-at-08.10.38-150x150.jpeg\" class=\"attachment-thumbnail size-thumbnail\" alt=\"\" \/><\/a>\n\t\t\t<\/dt><\/dl><dl class='gallery-item'>\n\t\t\t<dt class='gallery-icon portrait'>\n\t\t\t\t<a href='https:\/\/www.sudoestehoje.com.br\/novoportal\/2024\/07\/30\/presidente-da-coopardo-faz-palestra-sobre-o-agro-na-oab-de-vitoria-da-conquista\/whatsapp-image-2024-07-30-at-08-10-38-1\/'><img loading=\"lazy\" decoding=\"async\" width=\"150\" height=\"150\" src=\"https:\/\/www.sudoestehoje.com.br\/novoportal\/wp-content\/uploads\/2024\/07\/WhatsApp-Image-2024-07-30-at-08.10.38-1-150x150.jpeg\" class=\"attachment-thumbnail size-thumbnail\" alt=\"\" \/><\/a>\n\t\t\t<\/dt><\/dl><br style=\"clear: both\" \/><dl class='gallery-item'>\n\t\t\t<dt class='gallery-icon portrait'>\n\t\t\t\t<a href='https:\/\/www.sudoestehoje.com.br\/novoportal\/2024\/07\/30\/presidente-da-coopardo-faz-palestra-sobre-o-agro-na-oab-de-vitoria-da-conquista\/whatsapp-image-2024-07-30-at-08-10-37\/'><img loading=\"lazy\" decoding=\"async\" width=\"150\" height=\"150\" src=\"https:\/\/www.sudoestehoje.com.br\/novoportal\/wp-content\/uploads\/2024\/07\/WhatsApp-Image-2024-07-30-at-08.10.37-150x150.jpeg\" class=\"attachment-thumbnail size-thumbnail\" alt=\"\" \/><\/a>\n\t\t\t<\/dt><\/dl><dl class='gallery-item'>\n\t\t\t<dt class='gallery-icon portrait'>\n\t\t\t\t<a href='https:\/\/www.sudoestehoje.com.br\/novoportal\/2024\/07\/30\/presidente-da-coopardo-faz-palestra-sobre-o-agro-na-oab-de-vitoria-da-conquista\/whatsapp-image-2024-07-30-at-08-10-37-3\/'><img loading=\"lazy\" decoding=\"async\" width=\"150\" height=\"150\" src=\"https:\/\/www.sudoestehoje.com.br\/novoportal\/wp-content\/uploads\/2024\/07\/WhatsApp-Image-2024-07-30-at-08.10.37-3-150x150.jpeg\" class=\"attachment-thumbnail size-thumbnail\" alt=\"\" \/><\/a>\n\t\t\t<\/dt><\/dl><dl class='gallery-item'>\n\t\t\t<dt class='gallery-icon landscape'>\n\t\t\t\t<a href='https:\/\/www.sudoestehoje.com.br\/novoportal\/2024\/07\/30\/presidente-da-coopardo-faz-palestra-sobre-o-agro-na-oab-de-vitoria-da-conquista\/whatsapp-image-2024-07-30-at-08-10-37-2\/'><img loading=\"lazy\" decoding=\"async\" width=\"150\" height=\"150\" src=\"https:\/\/www.sudoestehoje.com.br\/novoportal\/wp-content\/uploads\/2024\/07\/WhatsApp-Image-2024-07-30-at-08.10.37-2-150x150.jpeg\" class=\"attachment-thumbnail size-thumbnail\" alt=\"\" \/><\/a>\n\t\t\t<\/dt><\/dl><br style=\"clear: both\" \/><dl class='gallery-item'>\n\t\t\t<dt class='gallery-icon portrait'>\n\t\t\t\t<a href='https:\/\/www.sudoestehoje.com.br\/novoportal\/2024\/07\/30\/presidente-da-coopardo-faz-palestra-sobre-o-agro-na-oab-de-vitoria-da-conquista\/whatsapp-image-2024-07-30-at-08-10-37-1\/'><img loading=\"lazy\" decoding=\"async\" width=\"150\" height=\"150\" src=\"https:\/\/www.sudoestehoje.com.br\/novoportal\/wp-content\/uploads\/2024\/07\/WhatsApp-Image-2024-07-30-at-08.10.37-1-150x150.jpeg\" class=\"attachment-thumbnail size-thumbnail\" alt=\"\" \/><\/a>\n\t\t\t<\/dt><\/dl><dl class='gallery-item'>\n\t\t\t<dt class='gallery-icon portrait'>\n\t\t\t\t<a href='https:\/\/www.sudoestehoje.com.br\/novoportal\/2024\/07\/30\/presidente-da-coopardo-faz-palestra-sobre-o-agro-na-oab-de-vitoria-da-conquista\/whatsapp-image-2024-07-30-at-08-10-36\/'><img loading=\"lazy\" decoding=\"async\" width=\"150\" height=\"150\" src=\"https:\/\/www.sudoestehoje.com.br\/novoportal\/wp-content\/uploads\/2024\/07\/WhatsApp-Image-2024-07-30-at-08.10.36-150x150.jpeg\" class=\"attachment-thumbnail size-thumbnail\" alt=\"\" \/><\/a>\n\t\t\t<\/dt><\/dl><dl class='gallery-item'>\n\t\t\t<dt class='gallery-icon portrait'>\n\t\t\t\t<a href='https:\/\/www.sudoestehoje.com.br\/novoportal\/2024\/07\/30\/presidente-da-coopardo-faz-palestra-sobre-o-agro-na-oab-de-vitoria-da-conquista\/whatsapp-image-2024-07-30-at-08-10-36-1\/'><img loading=\"lazy\" decoding=\"async\" width=\"150\" height=\"150\" src=\"https:\/\/www.sudoestehoje.com.br\/novoportal\/wp-content\/uploads\/2024\/07\/WhatsApp-Image-2024-07-30-at-08.10.36-1-150x150.jpeg\" class=\"attachment-thumbnail size-thumbnail\" alt=\"\" \/><\/a>\n\t\t\t<\/dt><\/dl><br style=\"clear: both\" \/>\n\t\t<\/div>\n\n<p><strong>Reda\u00e7\u00e3o SH\u00a0<\/strong><\/p>\n","protected":false},"excerpt":{"rendered":"<p>O presidente da Coopardo, Alex Coelho, participou como palestrante, nesta segunda-feira (29), no evento &#8216;LIDERAR O FUTURO RURAL&#8217;, no audit\u00f3rio da OAB, na cidade de Vit\u00f3ria da Conquista, a convite do SEBRAE.\u00a0O tema abordado por Alex, foi &#8216;LIDERAN\u00c7AS INSPIRADORAS&#8217;. Com grande destaque no agro regional, o presidente da Coopardo vem sendo requisitado para participar de [&hellip;]<\/p>\n","protected":false},"author":2,"featured_media":118242,"comment_status":"closed","ping_status":"open","sticky":false,"template":"","format":"standard","meta":{"footnotes":"","_links_to":"","_links_to_target":""},"categories":[1],"tags":[],"class_list":["post-118238","post","type-post","status-publish","format-standard","has-post-thumbnail","hentry","category-geral"],"views":528,"_links":{"self":[{"href":"https:\/\/www.sudoestehoje.com.br\/novoportal\/wp-json\/wp\/v2\/posts\/118238","targetHints":{"allow":["GET"]}}],"collection":[{"href":"https:\/\/www.sudoestehoje.com.br\/novoportal\/wp-json\/wp\/v2\/posts"}],"about":[{"href":"https:\/\/www.sudoestehoje.com.br\/novoportal\/wp-json\/wp\/v2\/types\/post"}],"author":[{"embeddable":true,"href":"https:\/\/www.sudoestehoje.com.br\/novoportal\/wp-json\/wp\/v2\/users\/2"}],"replies":[{"embeddable":true,"href":"https:\/\/www.sudoestehoje.com.br\/novoportal\/wp-json\/wp\/v2\/comments?post=118238"}],"version-history":[{"count":4,"href":"https:\/\/www.sudoestehoje.com.br\/novoportal\/wp-json\/wp\/v2\/posts\/118238\/revisions"}],"predecessor-version":[{"id":118252,"href":"https:\/\/www.sudoestehoje.com.br\/novoportal\/wp-json\/wp\/v2\/posts\/118238\/revisions\/118252"}],"wp:featuredmedia":[{"embeddable":true,"href":"https:\/\/www.sudoestehoje.com.br\/novoportal\/wp-json\/wp\/v2\/media\/118242"}],"wp:attachment":[{"href":"https:\/\/www.sudoestehoje.com.br\/novoportal\/wp-json\/wp\/v2\/media?parent=118238"}],"wp:term":[{"taxonomy":"category","embeddable":true,"href":"https:\/\/www.sudoestehoje.com.br\/novoportal\/wp-json\/wp\/v2\/categories?post=118238"},{"taxonomy":"post_tag","embeddable":true,"href":"https:\/\/www.sudoestehoje.com.br\/novoportal\/wp-json\/wp\/v2\/tags?post=118238"}],"curies":[{"name":"wp","href":"https:\/\/api.w.org\/{rel}","templated":true}]}}