
{"id":11823,"date":"2012-01-06T20:35:37","date_gmt":"2012-01-06T23:35:37","guid":{"rendered":"http:\/\/www.sudoestehoje.com.br\/novoportal\/?p=11823"},"modified":"2012-01-06T20:35:37","modified_gmt":"2012-01-06T23:35:37","slug":"inscricoes-do-sisu-abrem-a-zero-hora-deste-sabado","status":"publish","type":"post","link":"https:\/\/www.sudoestehoje.com.br\/novoportal\/2012\/01\/06\/inscricoes-do-sisu-abrem-a-zero-hora-deste-sabado\/","title":{"rendered":"INSCRI\u00c7\u00d5ES DO SISU ABREM \u00c0 ZERO HORA DESTE S\u00c1BADO"},"content":{"rendered":"<p style=\"text-align: center;\"><img decoding=\"async\" class=\"aligncenter\" src=\"http:\/\/www.ufrb.edu.br\/dicasenem\/wp-content\/uploads\/2011\/06\/sisu1.jpg\" alt=\"\" width=\"400\" \/><\/p>\n<p>Estudantes que participaram do Exame Nacional do Ensino M\u00e9dio (Enem) de 2011 podem se inscrever a partir da \u2018zero hora\u2019 \u00a0deste s\u00e1bado (7) para disputar uma das 108 mil vagas em universidades p\u00fablicas que ser\u00e3o oferecidas por meio do Sistema de Sele\u00e7\u00e3o Unificada (Sisu).<\/p>\n<p>As oportunidades est\u00e3o distribu\u00eddas em 3.327 cursos de universidades federais e estaduais, al\u00e9m de institutos federais de Educa\u00e7\u00e3o Profissional.<\/p>\n<p>O maior n\u00famero de vagas dispon\u00edveis (64 mil) est\u00e1 nos cursos de bacharelado. H\u00e1, por exemplo, 2.487 vagas em cursos de direito, 1.443 em medicina e 3.958 em gradua\u00e7\u00f5es na \u00e1rea de administra\u00e7\u00e3o.<\/p>\n<p>Na Bahia, s\u00e3o oferecidas 5.289 vagas. Todas as institui\u00e7\u00f5es baianas ter\u00e3o a\u00e7\u00f5es afirmativas, que podem ser oferecidas por meio de cotas ou de b\u00f4nus na nota do candidato.<\/p>\n<p><strong><a title=\"Opens external link in new window\" href=\"http:\/\/www.correio24horas.com.br\/noticias\/detalhes\/detalhes-1\/artigo\/conheca-lista-completa-de-mais-de-5-mil-vagas-do-sisu-para-a-bahia\/\" target=\"_blank\">CONFIRA A LISTA COMPLETA DAS VAGAS NA BAHIA<\/a><!--more--><br \/>\n<\/strong><\/p>\n<p>Os candidatos podem se inscrever no Sisu at\u00e9 12 de janeiro. Ao acessar o sistema, o estudante deve escolher duas op\u00e7\u00f5es de curso, indicando a sua prioridade. Diariamente, o sistema divulga a nota de corte preliminar de cada curso com base na nota do Enem dos candidatos que pleiteiam as vagas.<\/p>\n<p>Durante esse per\u00edodo, o participante pode alterar essas op\u00e7\u00f5es se achar que tem mais chances de ser aprovado em outro curso ou institui\u00e7\u00e3o.<\/p>\n<p><strong>Resultado<\/strong><strong><br \/>\n<\/strong>O resultado da primeira chamada ser\u00e1 divulgado no dia 15 de janeiro. Os estudantes aprovados dever\u00e3o comparecer \u00e0s institui\u00e7\u00f5es de ensino entre os dias 19 e 20 para fazer a matr\u00edcula.<\/p>\n<p>O participante que foi selecionado para a primeira op\u00e7\u00e3o de curso \u00e9 retirado automaticamente do sistema e perde a vaga se n\u00e3o fizer a matr\u00edcula. Aqueles que forem selecionados para a segunda op\u00e7\u00e3o ou n\u00e3o atingirem a nota m\u00ednima em nenhum dos cursos escolhidos podem participar das chamadas subsequentes.<\/p>\n<p>A segunda chamada est\u00e1 prevista para 26 de janeiro, com matr\u00edculas entre os dias 30 e 31. Caso ainda haja vagas dispon\u00edveis, o sistema gera uma lista de espera que ser\u00e1 disponibilizada para as institui\u00e7\u00f5es de ensino preencherem as vagas remanescentes. O candidato interessado em participar dessa lista dever\u00e1 pedir a inclus\u00e3o entre 26 de janeiro e 1\u00b0 de fevereiro. Com informa\u00e7\u00f5es da Ag\u00eancia Brasil.<\/p>\n","protected":false},"excerpt":{"rendered":"<p>Estudantes que participaram do Exame Nacional do Ensino M\u00e9dio (Enem) de 2011 podem se inscrever a partir da \u2018zero hora\u2019 \u00a0deste s\u00e1bado (7) para disputar uma das 108 mil vagas em universidades p\u00fablicas que ser\u00e3o oferecidas por meio do Sistema de Sele\u00e7\u00e3o Unificada (Sisu). As oportunidades est\u00e3o distribu\u00eddas em 3.327 cursos de universidades federais e [&hellip;]<\/p>\n","protected":false},"author":2,"featured_media":0,"comment_status":"open","ping_status":"open","sticky":false,"template":"","format":"standard","meta":{"footnotes":"","_links_to":"","_links_to_target":""},"categories":[1],"tags":[],"class_list":["post-11823","post","type-post","status-publish","format-standard","hentry","category-geral"],"views":1075,"_links":{"self":[{"href":"https:\/\/www.sudoestehoje.com.br\/novoportal\/wp-json\/wp\/v2\/posts\/11823","targetHints":{"allow":["GET"]}}],"collection":[{"href":"https:\/\/www.sudoestehoje.com.br\/novoportal\/wp-json\/wp\/v2\/posts"}],"about":[{"href":"https:\/\/www.sudoestehoje.com.br\/novoportal\/wp-json\/wp\/v2\/types\/post"}],"author":[{"embeddable":true,"href":"https:\/\/www.sudoestehoje.com.br\/novoportal\/wp-json\/wp\/v2\/users\/2"}],"replies":[{"embeddable":true,"href":"https:\/\/www.sudoestehoje.com.br\/novoportal\/wp-json\/wp\/v2\/comments?post=11823"}],"version-history":[{"count":5,"href":"https:\/\/www.sudoestehoje.com.br\/novoportal\/wp-json\/wp\/v2\/posts\/11823\/revisions"}],"predecessor-version":[{"id":11828,"href":"https:\/\/www.sudoestehoje.com.br\/novoportal\/wp-json\/wp\/v2\/posts\/11823\/revisions\/11828"}],"wp:attachment":[{"href":"https:\/\/www.sudoestehoje.com.br\/novoportal\/wp-json\/wp\/v2\/media?parent=11823"}],"wp:term":[{"taxonomy":"category","embeddable":true,"href":"https:\/\/www.sudoestehoje.com.br\/novoportal\/wp-json\/wp\/v2\/categories?post=11823"},{"taxonomy":"post_tag","embeddable":true,"href":"https:\/\/www.sudoestehoje.com.br\/novoportal\/wp-json\/wp\/v2\/tags?post=11823"}],"curies":[{"name":"wp","href":"https:\/\/api.w.org\/{rel}","templated":true}]}}